{"id":842,"date":"2019-09-18T12:45:39","date_gmt":"2019-09-18T10:45:39","guid":{"rendered":"https:\/\/www.festivalvedy.sk\/wp2\/prosperovanie-predcasne-narodenych-deti-vo-vazbe-s-biologickou-matkou\/"},"modified":"2019-09-18T12:45:39","modified_gmt":"2019-09-18T10:45:39","slug":"prosperovanie-predcasne-narodenych-deti-vo-vazbe-s-biologickou-matkou","status":"publish","type":"post","link":"https:\/\/www.festivalvedy.sk\/wp2\/prosperovanie-predcasne-narodenych-deti-vo-vazbe-s-biologickou-matkou\/","title":{"rendered":"Prosperovanie pred\u010dasne naroden\u00fdch deti vo v\u00e4zbe s biologickou matkou"},"content":{"rendered":"<p>Autor\/autori: Timea Ru\u010dkov\u00e1  <\/p>\n<p>Po\u010det pred\u010dasne naroden\u00fdch det\u00ed st\u00e1le st\u00fapa. Pribli\u017ene 1 z 10 det\u00ed sa narod\u00ed pred ukon\u010den\u00fdm 37. T\u00fd\u017ed\u0148om tehotenstva. V na\u0161ej pr\u00e1ci sme zis\u0165ovali, ak\u00fd bol vek a zdravotn\u00fd stav matiek. Pozorovali sme p\u00f4rodn\u00fa hmotnos\u0165 det\u00ed, ktor\u00fa sme porovnali s hmotnos\u0165ou plodu v jednotliv\u00fdch t\u00fd\u017ed\u0148och tehotenstva. V na\u0161om z\u00e1ujme bolo pozorova\u0165 zdravotn\u00e9 probl\u00e9my det\u00ed. H\u013eadali sme s\u00favislosti medzi zdravotn\u00fdm stavom die\u0165a\u0165a a matky, p\u00f4rodnou hmotnos\u0165ou a t\u00fd\u017ed\u0148u tehotenstva. Na z\u00edskanie \u00fadajov sme si vytvorili vlastn\u00fd dotazn\u00edk, ktor\u00fd n\u00e1m vyp\u013a\u0148ali mami\u010dky pred\u010dasne naroden\u00fdch det\u00ed. Z\u00edskali sme \u00fadaje o 101 de\u0165och. V \u010d\u00edm vy\u0161\u0161om t\u00fd\u017edni tehotenstva sa die\u0165a narod\u00ed, t\u00fdm s\u00fa jeho \u0161ance na pre\u017eitie a prosperovanie lep\u0161ie. Deti, ktor\u00e9 by doned\u00e1vna neboli pova\u017eovan\u00e9 za \u017eivotaschopn\u00e9 si prejd\u00fa r\u00f4znymi zdravotn\u00fdmi komplik\u00e1ciami, ale v bud\u00facnosti m\u00f4\u017eu prosperova\u0165 a dobehn\u00fa\u0165 svojich rovesn\u00edkov.<\/p>\n","protected":false},"excerpt":{"rendered":"<p>Autor\/autori: Timea Ru\u010dkov\u00e1 Po\u010det pred\u010dasne naroden\u00fdch det\u00ed st\u00e1le st\u00fapa. Pribli\u017ene 1 z 10 det\u00ed sa narod\u00ed pred ukon\u010den\u00fdm 37. T\u00fd\u017ed\u0148om tehotenstva. V na\u0161ej pr\u00e1ci sme zis\u0165ovali, ak\u00fd bol vek a zdravotn\u00fd stav matiek. Pozorovali sme p\u00f4rodn\u00fa hmotnos\u0165 det\u00ed, ktor\u00fa sme porovnali s hmotnos\u0165ou plodu v jednotliv\u00fdch t\u00fd\u017ed\u0148och tehotenstva. V na\u0161om z\u00e1ujme bolo pozorova\u0165 zdravotn\u00e9 probl\u00e9my [&hellip;]<\/p>\n","protected":false},"author":1,"featured_media":0,"comment_status":"open","ping_status":"open","sticky":false,"template":"","format":"standard","meta":{"om_disable_all_campaigns":false,"_monsterinsights_skip_tracking":false,"_monsterinsights_sitenote_active":false,"_monsterinsights_sitenote_note":"","_monsterinsights_sitenote_category":0,"_uf_show_specific_survey":0,"_uf_disable_surveys":false,"footnotes":""},"categories":[6,10],"tags":[8,11],"class_list":["post-842","post","type-post","status-publish","format-standard","hentry","category-6","category-medicina-a-zdravotnictvo","tag-8","tag-medicina-a-zdravotnictvo"],"yoast_head":"<!-- This site is optimized with the Yoast SEO plugin v27.2 - https:\/\/yoast.com\/product\/yoast-seo-wordpress\/ -->\n<title>Prosperovanie pred\u010dasne naroden\u00fdch deti vo v\u00e4zbe s biologickou matkou - Festival vedy a techniky AMAVET<\/title>\n<meta name=\"robots\" content=\"index, follow, max-snippet:-1, max-image-preview:large, max-video-preview:-1\" \/>\n<link rel=\"canonical\" href=\"https:\/\/www.festivalvedy.sk\/wp2\/prosperovanie-predcasne-narodenych-deti-vo-vazbe-s-biologickou-matkou\/\" \/>\n<meta property=\"og:locale\" content=\"sk_SK\" \/>\n<meta property=\"og:type\" content=\"article\" \/>\n<meta property=\"og:title\" content=\"Prosperovanie pred\u010dasne naroden\u00fdch deti vo v\u00e4zbe s biologickou matkou - Festival vedy a techniky AMAVET\" \/>\n<meta property=\"og:description\" content=\"Autor\/autori: Timea Ru\u010dkov\u00e1 Po\u010det pred\u010dasne naroden\u00fdch det\u00ed st\u00e1le st\u00fapa. Pribli\u017ene 1 z 10 det\u00ed sa narod\u00ed pred ukon\u010den\u00fdm 37. T\u00fd\u017ed\u0148om tehotenstva. V na\u0161ej pr\u00e1ci sme zis\u0165ovali, ak\u00fd bol vek a zdravotn\u00fd stav matiek. Pozorovali sme p\u00f4rodn\u00fa hmotnos\u0165 det\u00ed, ktor\u00fa sme porovnali s hmotnos\u0165ou plodu v jednotliv\u00fdch t\u00fd\u017ed\u0148och tehotenstva. V na\u0161om z\u00e1ujme bolo pozorova\u0165 zdravotn\u00e9 probl\u00e9my [&hellip;]\" \/>\n<meta property=\"og:url\" content=\"https:\/\/www.festivalvedy.sk\/wp2\/prosperovanie-predcasne-narodenych-deti-vo-vazbe-s-biologickou-matkou\/\" \/>\n<meta property=\"og:site_name\" content=\"Festival vedy a techniky AMAVET\" \/>\n<meta property=\"article:published_time\" content=\"2019-09-18T10:45:39+00:00\" \/>\n<meta name=\"author\" content=\"Redakcia\" \/>\n<meta name=\"twitter:card\" content=\"summary_large_image\" \/>\n<meta name=\"twitter:label1\" content=\"Autor\" \/>\n\t<meta name=\"twitter:data1\" content=\"Redakcia\" \/>\n\t<meta name=\"twitter:label2\" content=\"Predpokladan\u00fd \u010das \u010d\u00edtania\" \/>\n\t<meta name=\"twitter:data2\" content=\"1 min\u00fata\" \/>\n<script type=\"application\/ld+json\" class=\"yoast-schema-graph\">{\"@context\":\"https:\/\/schema.org\",\"@graph\":[{\"@type\":\"Article\",\"@id\":\"https:\/\/www.festivalvedy.sk\/wp2\/prosperovanie-predcasne-narodenych-deti-vo-vazbe-s-biologickou-matkou\/#article\",\"isPartOf\":{\"@id\":\"https:\/\/www.festivalvedy.sk\/wp2\/prosperovanie-predcasne-narodenych-deti-vo-vazbe-s-biologickou-matkou\/\"},\"author\":{\"name\":\"Redakcia\",\"@id\":\"https:\/\/www.festivalvedy.sk\/wp2\/#\/schema\/person\/f6c2e17170a626260fe38db97ed0a1f5\"},\"headline\":\"Prosperovanie pred\u010dasne naroden\u00fdch deti vo v\u00e4zbe s biologickou matkou\",\"datePublished\":\"2019-09-18T10:45:39+00:00\",\"mainEntityOfPage\":{\"@id\":\"https:\/\/www.festivalvedy.sk\/wp2\/prosperovanie-predcasne-narodenych-deti-vo-vazbe-s-biologickou-matkou\/\"},\"wordCount\":193,\"commentCount\":0,\"publisher\":{\"@id\":\"https:\/\/www.festivalvedy.sk\/wp2\/#organization\"},\"keywords\":[\"2019\",\"Medic\u00edna a zdravotn\u00edctvo\"],\"articleSection\":[\"Arch\u00edv 2018\",\"Medic\u00edna a zdravotn\u00edctvo\"],\"inLanguage\":\"sk-SK\"},{\"@type\":\"WebPage\",\"@id\":\"https:\/\/www.festivalvedy.sk\/wp2\/prosperovanie-predcasne-narodenych-deti-vo-vazbe-s-biologickou-matkou\/\",\"url\":\"https:\/\/www.festivalvedy.sk\/wp2\/prosperovanie-predcasne-narodenych-deti-vo-vazbe-s-biologickou-matkou\/\",\"name\":\"Prosperovanie pred\u010dasne naroden\u00fdch deti vo v\u00e4zbe s biologickou matkou - Festival vedy a techniky AMAVET\",\"isPartOf\":{\"@id\":\"https:\/\/www.festivalvedy.sk\/wp2\/#website\"},\"datePublished\":\"2019-09-18T10:45:39+00:00\",\"breadcrumb\":{\"@id\":\"https:\/\/www.festivalvedy.sk\/wp2\/prosperovanie-predcasne-narodenych-deti-vo-vazbe-s-biologickou-matkou\/#breadcrumb\"},\"inLanguage\":\"sk-SK\",\"potentialAction\":[{\"@type\":\"ReadAction\",\"target\":[\"https:\/\/www.festivalvedy.sk\/wp2\/prosperovanie-predcasne-narodenych-deti-vo-vazbe-s-biologickou-matkou\/\"]}]},{\"@type\":\"BreadcrumbList\",\"@id\":\"https:\/\/www.festivalvedy.sk\/wp2\/prosperovanie-predcasne-narodenych-deti-vo-vazbe-s-biologickou-matkou\/#breadcrumb\",\"itemListElement\":[{\"@type\":\"ListItem\",\"position\":1,\"name\":\"Home\",\"item\":\"https:\/\/www.festivalvedy.sk\/wp2\/\"},{\"@type\":\"ListItem\",\"position\":2,\"name\":\"Prosperovanie pred\u010dasne naroden\u00fdch deti vo v\u00e4zbe s biologickou matkou\"}]},{\"@type\":\"WebSite\",\"@id\":\"https:\/\/www.festivalvedy.sk\/wp2\/#website\",\"url\":\"https:\/\/www.festivalvedy.sk\/wp2\/\",\"name\":\"Festival vedy a techniky AMAVET\",\"description\":\"AMAVET - Asoci\u00e1cia pre ml\u00e1de\u017e, vedu a techniku\",\"publisher\":{\"@id\":\"https:\/\/www.festivalvedy.sk\/wp2\/#organization\"},\"potentialAction\":[{\"@type\":\"SearchAction\",\"target\":{\"@type\":\"EntryPoint\",\"urlTemplate\":\"https:\/\/www.festivalvedy.sk\/wp2\/?s={search_term_string}\"},\"query-input\":{\"@type\":\"PropertyValueSpecification\",\"valueRequired\":true,\"valueName\":\"search_term_string\"}}],\"inLanguage\":\"sk-SK\"},{\"@type\":\"Organization\",\"@id\":\"https:\/\/www.festivalvedy.sk\/wp2\/#organization\",\"name\":\"Festival vedy a techniky AMAVET\",\"url\":\"https:\/\/www.festivalvedy.sk\/wp2\/\",\"logo\":{\"@type\":\"ImageObject\",\"inLanguage\":\"sk-SK\",\"@id\":\"https:\/\/www.festivalvedy.sk\/wp2\/#\/schema\/logo\/image\/\",\"url\":\"https:\/\/www.festivalvedy.sk\/wp2\/wp-content\/uploads\/2022\/02\/cropped-fvat-ochranna-zona.png\",\"contentUrl\":\"https:\/\/www.festivalvedy.sk\/wp2\/wp-content\/uploads\/2022\/02\/cropped-fvat-ochranna-zona.png\",\"width\":1190,\"height\":357,\"caption\":\"Festival vedy a techniky AMAVET\"},\"image\":{\"@id\":\"https:\/\/www.festivalvedy.sk\/wp2\/#\/schema\/logo\/image\/\"}},{\"@type\":\"Person\",\"@id\":\"https:\/\/www.festivalvedy.sk\/wp2\/#\/schema\/person\/f6c2e17170a626260fe38db97ed0a1f5\",\"name\":\"Redakcia\",\"image\":{\"@type\":\"ImageObject\",\"inLanguage\":\"sk-SK\",\"@id\":\"https:\/\/secure.gravatar.com\/avatar\/2f7c312d560e25e8eb59b6b53cadd5dc16b39f25bac1c7d0a221dafd9c91fae9?s=96&d=mm&r=g\",\"url\":\"https:\/\/secure.gravatar.com\/avatar\/2f7c312d560e25e8eb59b6b53cadd5dc16b39f25bac1c7d0a221dafd9c91fae9?s=96&d=mm&r=g\",\"contentUrl\":\"https:\/\/secure.gravatar.com\/avatar\/2f7c312d560e25e8eb59b6b53cadd5dc16b39f25bac1c7d0a221dafd9c91fae9?s=96&d=mm&r=g\",\"caption\":\"Redakcia\"},\"url\":\"https:\/\/www.festivalvedy.sk\/wp2\/author\/fvatadmin\/\"}]}<\/script>\n<!-- \/ Yoast SEO plugin. -->","yoast_head_json":{"title":"Prosperovanie pred\u010dasne naroden\u00fdch deti vo v\u00e4zbe s biologickou matkou - Festival vedy a techniky AMAVET","robots":{"index":"index","follow":"follow","max-snippet":"max-snippet:-1","max-image-preview":"max-image-preview:large","max-video-preview":"max-video-preview:-1"},"canonical":"https:\/\/www.festivalvedy.sk\/wp2\/prosperovanie-predcasne-narodenych-deti-vo-vazbe-s-biologickou-matkou\/","og_locale":"sk_SK","og_type":"article","og_title":"Prosperovanie pred\u010dasne naroden\u00fdch deti vo v\u00e4zbe s biologickou matkou - Festival vedy a techniky AMAVET","og_description":"Autor\/autori: Timea Ru\u010dkov\u00e1 Po\u010det pred\u010dasne naroden\u00fdch det\u00ed st\u00e1le st\u00fapa. Pribli\u017ene 1 z 10 det\u00ed sa narod\u00ed pred ukon\u010den\u00fdm 37. T\u00fd\u017ed\u0148om tehotenstva. V na\u0161ej pr\u00e1ci sme zis\u0165ovali, ak\u00fd bol vek a zdravotn\u00fd stav matiek. Pozorovali sme p\u00f4rodn\u00fa hmotnos\u0165 det\u00ed, ktor\u00fa sme porovnali s hmotnos\u0165ou plodu v jednotliv\u00fdch t\u00fd\u017ed\u0148och tehotenstva. V na\u0161om z\u00e1ujme bolo pozorova\u0165 zdravotn\u00e9 probl\u00e9my [&hellip;]","og_url":"https:\/\/www.festivalvedy.sk\/wp2\/prosperovanie-predcasne-narodenych-deti-vo-vazbe-s-biologickou-matkou\/","og_site_name":"Festival vedy a techniky AMAVET","article_published_time":"2019-09-18T10:45:39+00:00","author":"Redakcia","twitter_card":"summary_large_image","twitter_misc":{"Autor":"Redakcia","Predpokladan\u00fd \u010das \u010d\u00edtania":"1 min\u00fata"},"schema":{"@context":"https:\/\/schema.org","@graph":[{"@type":"Article","@id":"https:\/\/www.festivalvedy.sk\/wp2\/prosperovanie-predcasne-narodenych-deti-vo-vazbe-s-biologickou-matkou\/#article","isPartOf":{"@id":"https:\/\/www.festivalvedy.sk\/wp2\/prosperovanie-predcasne-narodenych-deti-vo-vazbe-s-biologickou-matkou\/"},"author":{"name":"Redakcia","@id":"https:\/\/www.festivalvedy.sk\/wp2\/#\/schema\/person\/f6c2e17170a626260fe38db97ed0a1f5"},"headline":"Prosperovanie pred\u010dasne naroden\u00fdch deti vo v\u00e4zbe s biologickou matkou","datePublished":"2019-09-18T10:45:39+00:00","mainEntityOfPage":{"@id":"https:\/\/www.festivalvedy.sk\/wp2\/prosperovanie-predcasne-narodenych-deti-vo-vazbe-s-biologickou-matkou\/"},"wordCount":193,"commentCount":0,"publisher":{"@id":"https:\/\/www.festivalvedy.sk\/wp2\/#organization"},"keywords":["2019","Medic\u00edna a zdravotn\u00edctvo"],"articleSection":["Arch\u00edv 2018","Medic\u00edna a zdravotn\u00edctvo"],"inLanguage":"sk-SK"},{"@type":"WebPage","@id":"https:\/\/www.festivalvedy.sk\/wp2\/prosperovanie-predcasne-narodenych-deti-vo-vazbe-s-biologickou-matkou\/","url":"https:\/\/www.festivalvedy.sk\/wp2\/prosperovanie-predcasne-narodenych-deti-vo-vazbe-s-biologickou-matkou\/","name":"Prosperovanie pred\u010dasne naroden\u00fdch deti vo v\u00e4zbe s biologickou matkou - Festival vedy a techniky AMAVET","isPartOf":{"@id":"https:\/\/www.festivalvedy.sk\/wp2\/#website"},"datePublished":"2019-09-18T10:45:39+00:00","breadcrumb":{"@id":"https:\/\/www.festivalvedy.sk\/wp2\/prosperovanie-predcasne-narodenych-deti-vo-vazbe-s-biologickou-matkou\/#breadcrumb"},"inLanguage":"sk-SK","potentialAction":[{"@type":"ReadAction","target":["https:\/\/www.festivalvedy.sk\/wp2\/prosperovanie-predcasne-narodenych-deti-vo-vazbe-s-biologickou-matkou\/"]}]},{"@type":"BreadcrumbList","@id":"https:\/\/www.festivalvedy.sk\/wp2\/prosperovanie-predcasne-narodenych-deti-vo-vazbe-s-biologickou-matkou\/#breadcrumb","itemListElement":[{"@type":"ListItem","position":1,"name":"Home","item":"https:\/\/www.festivalvedy.sk\/wp2\/"},{"@type":"ListItem","position":2,"name":"Prosperovanie pred\u010dasne naroden\u00fdch deti vo v\u00e4zbe s biologickou matkou"}]},{"@type":"WebSite","@id":"https:\/\/www.festivalvedy.sk\/wp2\/#website","url":"https:\/\/www.festivalvedy.sk\/wp2\/","name":"Festival vedy a techniky AMAVET","description":"AMAVET - Asoci\u00e1cia pre ml\u00e1de\u017e, vedu a techniku","publisher":{"@id":"https:\/\/www.festivalvedy.sk\/wp2\/#organization"},"potentialAction":[{"@type":"SearchAction","target":{"@type":"EntryPoint","urlTemplate":"https:\/\/www.festivalvedy.sk\/wp2\/?s={search_term_string}"},"query-input":{"@type":"PropertyValueSpecification","valueRequired":true,"valueName":"search_term_string"}}],"inLanguage":"sk-SK"},{"@type":"Organization","@id":"https:\/\/www.festivalvedy.sk\/wp2\/#organization","name":"Festival vedy a techniky AMAVET","url":"https:\/\/www.festivalvedy.sk\/wp2\/","logo":{"@type":"ImageObject","inLanguage":"sk-SK","@id":"https:\/\/www.festivalvedy.sk\/wp2\/#\/schema\/logo\/image\/","url":"https:\/\/www.festivalvedy.sk\/wp2\/wp-content\/uploads\/2022\/02\/cropped-fvat-ochranna-zona.png","contentUrl":"https:\/\/www.festivalvedy.sk\/wp2\/wp-content\/uploads\/2022\/02\/cropped-fvat-ochranna-zona.png","width":1190,"height":357,"caption":"Festival vedy a techniky AMAVET"},"image":{"@id":"https:\/\/www.festivalvedy.sk\/wp2\/#\/schema\/logo\/image\/"}},{"@type":"Person","@id":"https:\/\/www.festivalvedy.sk\/wp2\/#\/schema\/person\/f6c2e17170a626260fe38db97ed0a1f5","name":"Redakcia","image":{"@type":"ImageObject","inLanguage":"sk-SK","@id":"https:\/\/secure.gravatar.com\/avatar\/2f7c312d560e25e8eb59b6b53cadd5dc16b39f25bac1c7d0a221dafd9c91fae9?s=96&d=mm&r=g","url":"https:\/\/secure.gravatar.com\/avatar\/2f7c312d560e25e8eb59b6b53cadd5dc16b39f25bac1c7d0a221dafd9c91fae9?s=96&d=mm&r=g","contentUrl":"https:\/\/secure.gravatar.com\/avatar\/2f7c312d560e25e8eb59b6b53cadd5dc16b39f25bac1c7d0a221dafd9c91fae9?s=96&d=mm&r=g","caption":"Redakcia"},"url":"https:\/\/www.festivalvedy.sk\/wp2\/author\/fvatadmin\/"}]}},"_links":{"self":[{"href":"https:\/\/www.festivalvedy.sk\/wp2\/wp-json\/wp\/v2\/posts\/842","targetHints":{"allow":["GET"]}}],"collection":[{"href":"https:\/\/www.festivalvedy.sk\/wp2\/wp-json\/wp\/v2\/posts"}],"about":[{"href":"https:\/\/www.festivalvedy.sk\/wp2\/wp-json\/wp\/v2\/types\/post"}],"author":[{"embeddable":true,"href":"https:\/\/www.festivalvedy.sk\/wp2\/wp-json\/wp\/v2\/users\/1"}],"replies":[{"embeddable":true,"href":"https:\/\/www.festivalvedy.sk\/wp2\/wp-json\/wp\/v2\/comments?post=842"}],"version-history":[{"count":0,"href":"https:\/\/www.festivalvedy.sk\/wp2\/wp-json\/wp\/v2\/posts\/842\/revisions"}],"wp:attachment":[{"href":"https:\/\/www.festivalvedy.sk\/wp2\/wp-json\/wp\/v2\/media?parent=842"}],"wp:term":[{"taxonomy":"category","embeddable":true,"href":"https:\/\/www.festivalvedy.sk\/wp2\/wp-json\/wp\/v2\/categories?post=842"},{"taxonomy":"post_tag","embeddable":true,"href":"https:\/\/www.festivalvedy.sk\/wp2\/wp-json\/wp\/v2\/tags?post=842"}],"curies":[{"name":"wp","href":"https:\/\/api.w.org\/{rel}","templated":true}]}}