{"id":851,"date":"2019-09-18T12:45:39","date_gmt":"2019-09-18T10:45:39","guid":{"rendered":"https:\/\/www.festivalvedy.sk\/wp2\/slovensky-opal\/"},"modified":"2019-09-18T12:45:39","modified_gmt":"2019-09-18T10:45:39","slug":"slovensky-opal","status":"publish","type":"post","link":"https:\/\/www.festivalvedy.sk\/wp2\/slovensky-opal\/","title":{"rendered":"Slovensk\u00fd op\u00e1l"},"content":{"rendered":"<p>Autor\/autori: Diana Novikmecov\u00e1  <\/p>\n<p>N\u00e1v\u0161teva Dubnick\u00fdch op\u00e1lov\u00fdch ban\u00ed ma in\u0161pirovala k \u010fal\u0161iemu \u0161t\u00fadiu a k b\u00e1date\u013eskej pr\u00e1ci na t\u00e9mu op\u00e1l. Druhov\u00e1 pestros\u0165 a r\u00f4znorodos\u0165 tohto miner\u00e1lu ma zaujala na to\u013eko, \u017ee som sa ho sna\u017eila sama objavi\u0165. Za\u010dala som \u0161tudova\u0165 jeho zlo\u017eenie, vzh\u013ead, farbu, fyzik\u00e1lno- mechanick\u00e9 a chemick\u00e9 vlastnosti. Zauj\u00edmala som sa o \u010fal\u0161ie miner\u00e1ly a horniny, ktor\u00e9 sa spolu s n\u00edm vyskytuj\u00fa. N\u00e1sledne som sa vydala na ter\u00e9nne pozorovanie.  Predpokladala som, \u017ee sa m\u00f4\u017ee vyskytova\u0165 aj na hald\u00e1ch odpadu po \u0165a\u017ebe. V bl\u00edzkosti m\u00f4jho bydliska, obec Vechec v okrese Vranov nad Top\u013eou, sa nach\u00e1dza najbli\u017e\u0161ie povrchov\u00e1 halda Viliam. Nav\u0161tevovala som ju v priebehu dvoch rokov. Pozorovan\u00fa lokalitu som zmapovala, pop\u00edsala som okolit\u00e9 prostredie. Moja hypot\u00e9za sa potvrdila. Na halde Viliam sa mi podarilo objavi\u0165 r\u00f4zne druhy op\u00e1lu, ktor\u00e9 som na\u0161la v podobe drobn\u00fdch \u00falomkov.<\/p>\n","protected":false},"excerpt":{"rendered":"<p>Autor\/autori: Diana Novikmecov\u00e1 N\u00e1v\u0161teva Dubnick\u00fdch op\u00e1lov\u00fdch ban\u00ed ma in\u0161pirovala k \u010fal\u0161iemu \u0161t\u00fadiu a k b\u00e1date\u013eskej pr\u00e1ci na t\u00e9mu op\u00e1l. Druhov\u00e1 pestros\u0165 a r\u00f4znorodos\u0165 tohto miner\u00e1lu ma zaujala na to\u013eko, \u017ee som sa ho sna\u017eila sama objavi\u0165. Za\u010dala som \u0161tudova\u0165 jeho zlo\u017eenie, vzh\u013ead, farbu, fyzik\u00e1lno- mechanick\u00e9 a chemick\u00e9 vlastnosti. Zauj\u00edmala som sa o \u010fal\u0161ie miner\u00e1ly a [&hellip;]<\/p>\n","protected":false},"author":1,"featured_media":0,"comment_status":"open","ping_status":"open","sticky":false,"template":"","format":"standard","meta":{"om_disable_all_campaigns":false,"_monsterinsights_skip_tracking":false,"_monsterinsights_sitenote_active":false,"_monsterinsights_sitenote_note":"","_monsterinsights_sitenote_category":0,"_uf_show_specific_survey":0,"_uf_disable_surveys":false,"footnotes":""},"categories":[6,24],"tags":[8,25],"class_list":["post-851","post","type-post","status-publish","format-standard","hentry","category-6","category-geovedy","tag-8","tag-geovedy"],"yoast_head":"<!-- This site is optimized with the Yoast SEO plugin v27.2 - https:\/\/yoast.com\/product\/yoast-seo-wordpress\/ -->\n<title>Slovensk\u00fd op\u00e1l - Festival vedy a techniky AMAVET<\/title>\n<meta name=\"robots\" content=\"index, follow, max-snippet:-1, max-image-preview:large, max-video-preview:-1\" \/>\n<link rel=\"canonical\" href=\"https:\/\/www.festivalvedy.sk\/wp2\/slovensky-opal\/\" \/>\n<meta property=\"og:locale\" content=\"sk_SK\" \/>\n<meta property=\"og:type\" content=\"article\" \/>\n<meta property=\"og:title\" content=\"Slovensk\u00fd op\u00e1l - Festival vedy a techniky AMAVET\" \/>\n<meta property=\"og:description\" content=\"Autor\/autori: Diana Novikmecov\u00e1 N\u00e1v\u0161teva Dubnick\u00fdch op\u00e1lov\u00fdch ban\u00ed ma in\u0161pirovala k \u010fal\u0161iemu \u0161t\u00fadiu a k b\u00e1date\u013eskej pr\u00e1ci na t\u00e9mu op\u00e1l. Druhov\u00e1 pestros\u0165 a r\u00f4znorodos\u0165 tohto miner\u00e1lu ma zaujala na to\u013eko, \u017ee som sa ho sna\u017eila sama objavi\u0165. Za\u010dala som \u0161tudova\u0165 jeho zlo\u017eenie, vzh\u013ead, farbu, fyzik\u00e1lno- mechanick\u00e9 a chemick\u00e9 vlastnosti. Zauj\u00edmala som sa o \u010fal\u0161ie miner\u00e1ly a [&hellip;]\" \/>\n<meta property=\"og:url\" content=\"https:\/\/www.festivalvedy.sk\/wp2\/slovensky-opal\/\" \/>\n<meta property=\"og:site_name\" content=\"Festival vedy a techniky AMAVET\" \/>\n<meta property=\"article:published_time\" content=\"2019-09-18T10:45:39+00:00\" \/>\n<meta name=\"author\" content=\"Redakcia\" \/>\n<meta name=\"twitter:card\" content=\"summary_large_image\" \/>\n<meta name=\"twitter:label1\" content=\"Autor\" \/>\n\t<meta name=\"twitter:data1\" content=\"Redakcia\" \/>\n\t<meta name=\"twitter:label2\" content=\"Predpokladan\u00fd \u010das \u010d\u00edtania\" \/>\n\t<meta name=\"twitter:data2\" content=\"1 min\u00fata\" \/>\n<script type=\"application\/ld+json\" class=\"yoast-schema-graph\">{\"@context\":\"https:\/\/schema.org\",\"@graph\":[{\"@type\":\"Article\",\"@id\":\"https:\/\/www.festivalvedy.sk\/wp2\/slovensky-opal\/#article\",\"isPartOf\":{\"@id\":\"https:\/\/www.festivalvedy.sk\/wp2\/slovensky-opal\/\"},\"author\":{\"name\":\"Redakcia\",\"@id\":\"https:\/\/www.festivalvedy.sk\/wp2\/#\/schema\/person\/f6c2e17170a626260fe38db97ed0a1f5\"},\"headline\":\"Slovensk\u00fd op\u00e1l\",\"datePublished\":\"2019-09-18T10:45:39+00:00\",\"mainEntityOfPage\":{\"@id\":\"https:\/\/www.festivalvedy.sk\/wp2\/slovensky-opal\/\"},\"wordCount\":180,\"commentCount\":0,\"publisher\":{\"@id\":\"https:\/\/www.festivalvedy.sk\/wp2\/#organization\"},\"keywords\":[\"2019\",\"Geovedy\"],\"articleSection\":[\"Arch\u00edv 2018\",\"Geovedy\"],\"inLanguage\":\"sk-SK\"},{\"@type\":\"WebPage\",\"@id\":\"https:\/\/www.festivalvedy.sk\/wp2\/slovensky-opal\/\",\"url\":\"https:\/\/www.festivalvedy.sk\/wp2\/slovensky-opal\/\",\"name\":\"Slovensk\u00fd op\u00e1l - Festival vedy a techniky AMAVET\",\"isPartOf\":{\"@id\":\"https:\/\/www.festivalvedy.sk\/wp2\/#website\"},\"datePublished\":\"2019-09-18T10:45:39+00:00\",\"breadcrumb\":{\"@id\":\"https:\/\/www.festivalvedy.sk\/wp2\/slovensky-opal\/#breadcrumb\"},\"inLanguage\":\"sk-SK\",\"potentialAction\":[{\"@type\":\"ReadAction\",\"target\":[\"https:\/\/www.festivalvedy.sk\/wp2\/slovensky-opal\/\"]}]},{\"@type\":\"BreadcrumbList\",\"@id\":\"https:\/\/www.festivalvedy.sk\/wp2\/slovensky-opal\/#breadcrumb\",\"itemListElement\":[{\"@type\":\"ListItem\",\"position\":1,\"name\":\"Home\",\"item\":\"https:\/\/www.festivalvedy.sk\/wp2\/\"},{\"@type\":\"ListItem\",\"position\":2,\"name\":\"Slovensk\u00fd op\u00e1l\"}]},{\"@type\":\"WebSite\",\"@id\":\"https:\/\/www.festivalvedy.sk\/wp2\/#website\",\"url\":\"https:\/\/www.festivalvedy.sk\/wp2\/\",\"name\":\"Festival vedy a techniky AMAVET\",\"description\":\"AMAVET - Asoci\u00e1cia pre ml\u00e1de\u017e, vedu a techniku\",\"publisher\":{\"@id\":\"https:\/\/www.festivalvedy.sk\/wp2\/#organization\"},\"potentialAction\":[{\"@type\":\"SearchAction\",\"target\":{\"@type\":\"EntryPoint\",\"urlTemplate\":\"https:\/\/www.festivalvedy.sk\/wp2\/?s={search_term_string}\"},\"query-input\":{\"@type\":\"PropertyValueSpecification\",\"valueRequired\":true,\"valueName\":\"search_term_string\"}}],\"inLanguage\":\"sk-SK\"},{\"@type\":\"Organization\",\"@id\":\"https:\/\/www.festivalvedy.sk\/wp2\/#organization\",\"name\":\"Festival vedy a techniky AMAVET\",\"url\":\"https:\/\/www.festivalvedy.sk\/wp2\/\",\"logo\":{\"@type\":\"ImageObject\",\"inLanguage\":\"sk-SK\",\"@id\":\"https:\/\/www.festivalvedy.sk\/wp2\/#\/schema\/logo\/image\/\",\"url\":\"https:\/\/www.festivalvedy.sk\/wp2\/wp-content\/uploads\/2022\/02\/cropped-fvat-ochranna-zona.png\",\"contentUrl\":\"https:\/\/www.festivalvedy.sk\/wp2\/wp-content\/uploads\/2022\/02\/cropped-fvat-ochranna-zona.png\",\"width\":1190,\"height\":357,\"caption\":\"Festival vedy a techniky AMAVET\"},\"image\":{\"@id\":\"https:\/\/www.festivalvedy.sk\/wp2\/#\/schema\/logo\/image\/\"}},{\"@type\":\"Person\",\"@id\":\"https:\/\/www.festivalvedy.sk\/wp2\/#\/schema\/person\/f6c2e17170a626260fe38db97ed0a1f5\",\"name\":\"Redakcia\",\"image\":{\"@type\":\"ImageObject\",\"inLanguage\":\"sk-SK\",\"@id\":\"https:\/\/secure.gravatar.com\/avatar\/2f7c312d560e25e8eb59b6b53cadd5dc16b39f25bac1c7d0a221dafd9c91fae9?s=96&d=mm&r=g\",\"url\":\"https:\/\/secure.gravatar.com\/avatar\/2f7c312d560e25e8eb59b6b53cadd5dc16b39f25bac1c7d0a221dafd9c91fae9?s=96&d=mm&r=g\",\"contentUrl\":\"https:\/\/secure.gravatar.com\/avatar\/2f7c312d560e25e8eb59b6b53cadd5dc16b39f25bac1c7d0a221dafd9c91fae9?s=96&d=mm&r=g\",\"caption\":\"Redakcia\"},\"url\":\"https:\/\/www.festivalvedy.sk\/wp2\/author\/fvatadmin\/\"}]}<\/script>\n<!-- \/ Yoast SEO plugin. -->","yoast_head_json":{"title":"Slovensk\u00fd op\u00e1l - Festival vedy a techniky AMAVET","robots":{"index":"index","follow":"follow","max-snippet":"max-snippet:-1","max-image-preview":"max-image-preview:large","max-video-preview":"max-video-preview:-1"},"canonical":"https:\/\/www.festivalvedy.sk\/wp2\/slovensky-opal\/","og_locale":"sk_SK","og_type":"article","og_title":"Slovensk\u00fd op\u00e1l - Festival vedy a techniky AMAVET","og_description":"Autor\/autori: Diana Novikmecov\u00e1 N\u00e1v\u0161teva Dubnick\u00fdch op\u00e1lov\u00fdch ban\u00ed ma in\u0161pirovala k \u010fal\u0161iemu \u0161t\u00fadiu a k b\u00e1date\u013eskej pr\u00e1ci na t\u00e9mu op\u00e1l. Druhov\u00e1 pestros\u0165 a r\u00f4znorodos\u0165 tohto miner\u00e1lu ma zaujala na to\u013eko, \u017ee som sa ho sna\u017eila sama objavi\u0165. Za\u010dala som \u0161tudova\u0165 jeho zlo\u017eenie, vzh\u013ead, farbu, fyzik\u00e1lno- mechanick\u00e9 a chemick\u00e9 vlastnosti. Zauj\u00edmala som sa o \u010fal\u0161ie miner\u00e1ly a [&hellip;]","og_url":"https:\/\/www.festivalvedy.sk\/wp2\/slovensky-opal\/","og_site_name":"Festival vedy a techniky AMAVET","article_published_time":"2019-09-18T10:45:39+00:00","author":"Redakcia","twitter_card":"summary_large_image","twitter_misc":{"Autor":"Redakcia","Predpokladan\u00fd \u010das \u010d\u00edtania":"1 min\u00fata"},"schema":{"@context":"https:\/\/schema.org","@graph":[{"@type":"Article","@id":"https:\/\/www.festivalvedy.sk\/wp2\/slovensky-opal\/#article","isPartOf":{"@id":"https:\/\/www.festivalvedy.sk\/wp2\/slovensky-opal\/"},"author":{"name":"Redakcia","@id":"https:\/\/www.festivalvedy.sk\/wp2\/#\/schema\/person\/f6c2e17170a626260fe38db97ed0a1f5"},"headline":"Slovensk\u00fd op\u00e1l","datePublished":"2019-09-18T10:45:39+00:00","mainEntityOfPage":{"@id":"https:\/\/www.festivalvedy.sk\/wp2\/slovensky-opal\/"},"wordCount":180,"commentCount":0,"publisher":{"@id":"https:\/\/www.festivalvedy.sk\/wp2\/#organization"},"keywords":["2019","Geovedy"],"articleSection":["Arch\u00edv 2018","Geovedy"],"inLanguage":"sk-SK"},{"@type":"WebPage","@id":"https:\/\/www.festivalvedy.sk\/wp2\/slovensky-opal\/","url":"https:\/\/www.festivalvedy.sk\/wp2\/slovensky-opal\/","name":"Slovensk\u00fd op\u00e1l - Festival vedy a techniky AMAVET","isPartOf":{"@id":"https:\/\/www.festivalvedy.sk\/wp2\/#website"},"datePublished":"2019-09-18T10:45:39+00:00","breadcrumb":{"@id":"https:\/\/www.festivalvedy.sk\/wp2\/slovensky-opal\/#breadcrumb"},"inLanguage":"sk-SK","potentialAction":[{"@type":"ReadAction","target":["https:\/\/www.festivalvedy.sk\/wp2\/slovensky-opal\/"]}]},{"@type":"BreadcrumbList","@id":"https:\/\/www.festivalvedy.sk\/wp2\/slovensky-opal\/#breadcrumb","itemListElement":[{"@type":"ListItem","position":1,"name":"Home","item":"https:\/\/www.festivalvedy.sk\/wp2\/"},{"@type":"ListItem","position":2,"name":"Slovensk\u00fd op\u00e1l"}]},{"@type":"WebSite","@id":"https:\/\/www.festivalvedy.sk\/wp2\/#website","url":"https:\/\/www.festivalvedy.sk\/wp2\/","name":"Festival vedy a techniky AMAVET","description":"AMAVET - Asoci\u00e1cia pre ml\u00e1de\u017e, vedu a techniku","publisher":{"@id":"https:\/\/www.festivalvedy.sk\/wp2\/#organization"},"potentialAction":[{"@type":"SearchAction","target":{"@type":"EntryPoint","urlTemplate":"https:\/\/www.festivalvedy.sk\/wp2\/?s={search_term_string}"},"query-input":{"@type":"PropertyValueSpecification","valueRequired":true,"valueName":"search_term_string"}}],"inLanguage":"sk-SK"},{"@type":"Organization","@id":"https:\/\/www.festivalvedy.sk\/wp2\/#organization","name":"Festival vedy a techniky AMAVET","url":"https:\/\/www.festivalvedy.sk\/wp2\/","logo":{"@type":"ImageObject","inLanguage":"sk-SK","@id":"https:\/\/www.festivalvedy.sk\/wp2\/#\/schema\/logo\/image\/","url":"https:\/\/www.festivalvedy.sk\/wp2\/wp-content\/uploads\/2022\/02\/cropped-fvat-ochranna-zona.png","contentUrl":"https:\/\/www.festivalvedy.sk\/wp2\/wp-content\/uploads\/2022\/02\/cropped-fvat-ochranna-zona.png","width":1190,"height":357,"caption":"Festival vedy a techniky AMAVET"},"image":{"@id":"https:\/\/www.festivalvedy.sk\/wp2\/#\/schema\/logo\/image\/"}},{"@type":"Person","@id":"https:\/\/www.festivalvedy.sk\/wp2\/#\/schema\/person\/f6c2e17170a626260fe38db97ed0a1f5","name":"Redakcia","image":{"@type":"ImageObject","inLanguage":"sk-SK","@id":"https:\/\/secure.gravatar.com\/avatar\/2f7c312d560e25e8eb59b6b53cadd5dc16b39f25bac1c7d0a221dafd9c91fae9?s=96&d=mm&r=g","url":"https:\/\/secure.gravatar.com\/avatar\/2f7c312d560e25e8eb59b6b53cadd5dc16b39f25bac1c7d0a221dafd9c91fae9?s=96&d=mm&r=g","contentUrl":"https:\/\/secure.gravatar.com\/avatar\/2f7c312d560e25e8eb59b6b53cadd5dc16b39f25bac1c7d0a221dafd9c91fae9?s=96&d=mm&r=g","caption":"Redakcia"},"url":"https:\/\/www.festivalvedy.sk\/wp2\/author\/fvatadmin\/"}]}},"_links":{"self":[{"href":"https:\/\/www.festivalvedy.sk\/wp2\/wp-json\/wp\/v2\/posts\/851","targetHints":{"allow":["GET"]}}],"collection":[{"href":"https:\/\/www.festivalvedy.sk\/wp2\/wp-json\/wp\/v2\/posts"}],"about":[{"href":"https:\/\/www.festivalvedy.sk\/wp2\/wp-json\/wp\/v2\/types\/post"}],"author":[{"embeddable":true,"href":"https:\/\/www.festivalvedy.sk\/wp2\/wp-json\/wp\/v2\/users\/1"}],"replies":[{"embeddable":true,"href":"https:\/\/www.festivalvedy.sk\/wp2\/wp-json\/wp\/v2\/comments?post=851"}],"version-history":[{"count":0,"href":"https:\/\/www.festivalvedy.sk\/wp2\/wp-json\/wp\/v2\/posts\/851\/revisions"}],"wp:attachment":[{"href":"https:\/\/www.festivalvedy.sk\/wp2\/wp-json\/wp\/v2\/media?parent=851"}],"wp:term":[{"taxonomy":"category","embeddable":true,"href":"https:\/\/www.festivalvedy.sk\/wp2\/wp-json\/wp\/v2\/categories?post=851"},{"taxonomy":"post_tag","embeddable":true,"href":"https:\/\/www.festivalvedy.sk\/wp2\/wp-json\/wp\/v2\/tags?post=851"}],"curies":[{"name":"wp","href":"https:\/\/api.w.org\/{rel}","templated":true}]}}