{"id":858,"date":"2019-09-18T12:45:39","date_gmt":"2019-09-18T10:45:39","guid":{"rendered":"https:\/\/www.festivalvedy.sk\/wp2\/spristupnovanie-a-ochrana-starych-banskych-diel\/"},"modified":"2019-09-18T12:45:39","modified_gmt":"2019-09-18T10:45:39","slug":"spristupnovanie-a-ochrana-starych-banskych-diel","status":"publish","type":"post","link":"https:\/\/www.festivalvedy.sk\/wp2\/spristupnovanie-a-ochrana-starych-banskych-diel\/","title":{"rendered":"Spr\u00edstup\u0148ovanie a ochrana star\u00fdch bansk\u00fdch diel"},"content":{"rendered":"<p>Autor\/autori: Vladim\u00edr Ivani\u010d  <\/p>\n<p>V 13., 14. a v 15. storo\u010d\u00ed zohr\u00e1va Gelnica dominantn\u00fa \u00falohu z d\u00f4vodu obdobia najv\u00e4\u010d\u0161ieho rozkvetu na dob\u00fdvanie medenej rudy, ale aj \u0165a\u017eby striebra, zlata, ortuti a tie\u017e \u017eeleznej rudy. Obdobie, kedy bolo ban\u00edctvo jedn\u00fdm z najlep\u0161ie platen\u00fdch zamestnan\u00ed a \u017eivila sa n\u00edm v\u00e4\u010d\u0161ina obyvate\u013eov Spi\u0161a je nen\u00e1vratne pre\u010d. My si dnes uvedomujeme, \u017ee je nevyhnutn\u00e9 okrem historick\u00fdch budov zachova\u0165 aj technick\u00e9 pamiatky, ktor\u00e9 maj\u00fa ve\u013ek\u00fa v\u00fdpovedn\u00fa hodnotu o zru\u010dnosti na\u0161ich predkov. V s\u00fa\u010dasnosti je ochrana mont\u00e1nneho dedi\u010dstva \u2013 dedi\u010dstva star\u00fdch bansk\u00fdch diel, n\u00e1strojov a objektov s\u00favisiacich s \u0165a\u017ebou nerastn\u00fdch surov\u00edn po na\u0161ich predkoch zanedb\u00e1van\u00e1. Pr\u00e1ca prezentuje popis \u0161t\u00f4lne Jozef a pribli\u017euje priebeh od prvej etapy jej spr\u00edstup\u0148ovania, na ktorej realiz\u00e1cii som sa priamo z\u00fa\u010dastnil, a\u017e po \u010fal\u0161ie etapy jej spr\u00edstupnenia. V pl\u00e1ne je \u0161t\u00f4l\u0148u zakomponova\u0165 do navrhovan\u00e9ho bansk\u00e9ho skanzenu. Touto pr\u00e1cou sme chceli vzda\u0165 \u00factu na\u0161im predkom, ktor\u00ed tvrdo pracovali v \u0165a\u017ek\u00fdch podmienkach ban\u00ed. S\u00fa\u010das\u0165ou pr\u00e1ce je bohat\u00e1 fotodokument\u00e1cia priebehu spr\u00edstup\u0148ovania spom\u00ednanej \u0161t\u00f4lne.<\/p>\n","protected":false},"excerpt":{"rendered":"<p>Autor\/autori: Vladim\u00edr Ivani\u010d V 13., 14. a v 15. storo\u010d\u00ed zohr\u00e1va Gelnica dominantn\u00fa \u00falohu z d\u00f4vodu obdobia najv\u00e4\u010d\u0161ieho rozkvetu na dob\u00fdvanie medenej rudy, ale aj \u0165a\u017eby striebra, zlata, ortuti a tie\u017e \u017eeleznej rudy. Obdobie, kedy bolo ban\u00edctvo jedn\u00fdm z najlep\u0161ie platen\u00fdch zamestnan\u00ed a \u017eivila sa n\u00edm v\u00e4\u010d\u0161ina obyvate\u013eov Spi\u0161a je nen\u00e1vratne pre\u010d. My si dnes [&hellip;]<\/p>\n","protected":false},"author":1,"featured_media":0,"comment_status":"open","ping_status":"open","sticky":false,"template":"","format":"standard","meta":{"om_disable_all_campaigns":false,"_monsterinsights_skip_tracking":false,"_monsterinsights_sitenote_active":false,"_monsterinsights_sitenote_note":"","_monsterinsights_sitenote_category":0,"_uf_show_specific_survey":0,"_uf_disable_surveys":false,"footnotes":""},"categories":[6,24],"tags":[8,25],"class_list":["post-858","post","type-post","status-publish","format-standard","hentry","category-6","category-geovedy","tag-8","tag-geovedy"],"yoast_head":"<!-- This site is optimized with the Yoast SEO plugin v27.2 - https:\/\/yoast.com\/product\/yoast-seo-wordpress\/ -->\n<title>Spr\u00edstup\u0148ovanie a ochrana star\u00fdch bansk\u00fdch diel - Festival vedy a techniky AMAVET<\/title>\n<meta name=\"robots\" content=\"index, follow, max-snippet:-1, max-image-preview:large, max-video-preview:-1\" \/>\n<link rel=\"canonical\" href=\"https:\/\/www.festivalvedy.sk\/wp2\/spristupnovanie-a-ochrana-starych-banskych-diel\/\" \/>\n<meta property=\"og:locale\" content=\"sk_SK\" \/>\n<meta property=\"og:type\" content=\"article\" \/>\n<meta property=\"og:title\" content=\"Spr\u00edstup\u0148ovanie a ochrana star\u00fdch bansk\u00fdch diel - Festival vedy a techniky AMAVET\" \/>\n<meta property=\"og:description\" content=\"Autor\/autori: Vladim\u00edr Ivani\u010d V 13., 14. a v 15. storo\u010d\u00ed zohr\u00e1va Gelnica dominantn\u00fa \u00falohu z d\u00f4vodu obdobia najv\u00e4\u010d\u0161ieho rozkvetu na dob\u00fdvanie medenej rudy, ale aj \u0165a\u017eby striebra, zlata, ortuti a tie\u017e \u017eeleznej rudy. Obdobie, kedy bolo ban\u00edctvo jedn\u00fdm z najlep\u0161ie platen\u00fdch zamestnan\u00ed a \u017eivila sa n\u00edm v\u00e4\u010d\u0161ina obyvate\u013eov Spi\u0161a je nen\u00e1vratne pre\u010d. My si dnes [&hellip;]\" \/>\n<meta property=\"og:url\" content=\"https:\/\/www.festivalvedy.sk\/wp2\/spristupnovanie-a-ochrana-starych-banskych-diel\/\" \/>\n<meta property=\"og:site_name\" content=\"Festival vedy a techniky AMAVET\" \/>\n<meta property=\"article:published_time\" content=\"2019-09-18T10:45:39+00:00\" \/>\n<meta name=\"author\" content=\"Redakcia\" \/>\n<meta name=\"twitter:card\" content=\"summary_large_image\" \/>\n<meta name=\"twitter:label1\" content=\"Autor\" \/>\n\t<meta name=\"twitter:data1\" content=\"Redakcia\" \/>\n\t<meta name=\"twitter:label2\" content=\"Predpokladan\u00fd \u010das \u010d\u00edtania\" \/>\n\t<meta name=\"twitter:data2\" content=\"1 min\u00fata\" \/>\n<script type=\"application\/ld+json\" class=\"yoast-schema-graph\">{\"@context\":\"https:\/\/schema.org\",\"@graph\":[{\"@type\":\"Article\",\"@id\":\"https:\/\/www.festivalvedy.sk\/wp2\/spristupnovanie-a-ochrana-starych-banskych-diel\/#article\",\"isPartOf\":{\"@id\":\"https:\/\/www.festivalvedy.sk\/wp2\/spristupnovanie-a-ochrana-starych-banskych-diel\/\"},\"author\":{\"name\":\"Redakcia\",\"@id\":\"https:\/\/www.festivalvedy.sk\/wp2\/#\/schema\/person\/f6c2e17170a626260fe38db97ed0a1f5\"},\"headline\":\"Spr\u00edstup\u0148ovanie a ochrana star\u00fdch bansk\u00fdch diel\",\"datePublished\":\"2019-09-18T10:45:39+00:00\",\"mainEntityOfPage\":{\"@id\":\"https:\/\/www.festivalvedy.sk\/wp2\/spristupnovanie-a-ochrana-starych-banskych-diel\/\"},\"wordCount\":223,\"commentCount\":0,\"publisher\":{\"@id\":\"https:\/\/www.festivalvedy.sk\/wp2\/#organization\"},\"keywords\":[\"2019\",\"Geovedy\"],\"articleSection\":[\"Arch\u00edv 2018\",\"Geovedy\"],\"inLanguage\":\"sk-SK\"},{\"@type\":\"WebPage\",\"@id\":\"https:\/\/www.festivalvedy.sk\/wp2\/spristupnovanie-a-ochrana-starych-banskych-diel\/\",\"url\":\"https:\/\/www.festivalvedy.sk\/wp2\/spristupnovanie-a-ochrana-starych-banskych-diel\/\",\"name\":\"Spr\u00edstup\u0148ovanie a ochrana star\u00fdch bansk\u00fdch diel - Festival vedy a techniky AMAVET\",\"isPartOf\":{\"@id\":\"https:\/\/www.festivalvedy.sk\/wp2\/#website\"},\"datePublished\":\"2019-09-18T10:45:39+00:00\",\"breadcrumb\":{\"@id\":\"https:\/\/www.festivalvedy.sk\/wp2\/spristupnovanie-a-ochrana-starych-banskych-diel\/#breadcrumb\"},\"inLanguage\":\"sk-SK\",\"potentialAction\":[{\"@type\":\"ReadAction\",\"target\":[\"https:\/\/www.festivalvedy.sk\/wp2\/spristupnovanie-a-ochrana-starych-banskych-diel\/\"]}]},{\"@type\":\"BreadcrumbList\",\"@id\":\"https:\/\/www.festivalvedy.sk\/wp2\/spristupnovanie-a-ochrana-starych-banskych-diel\/#breadcrumb\",\"itemListElement\":[{\"@type\":\"ListItem\",\"position\":1,\"name\":\"Home\",\"item\":\"https:\/\/www.festivalvedy.sk\/wp2\/\"},{\"@type\":\"ListItem\",\"position\":2,\"name\":\"Spr\u00edstup\u0148ovanie a ochrana star\u00fdch bansk\u00fdch diel\"}]},{\"@type\":\"WebSite\",\"@id\":\"https:\/\/www.festivalvedy.sk\/wp2\/#website\",\"url\":\"https:\/\/www.festivalvedy.sk\/wp2\/\",\"name\":\"Festival vedy a techniky AMAVET\",\"description\":\"AMAVET - Asoci\u00e1cia pre ml\u00e1de\u017e, vedu a techniku\",\"publisher\":{\"@id\":\"https:\/\/www.festivalvedy.sk\/wp2\/#organization\"},\"potentialAction\":[{\"@type\":\"SearchAction\",\"target\":{\"@type\":\"EntryPoint\",\"urlTemplate\":\"https:\/\/www.festivalvedy.sk\/wp2\/?s={search_term_string}\"},\"query-input\":{\"@type\":\"PropertyValueSpecification\",\"valueRequired\":true,\"valueName\":\"search_term_string\"}}],\"inLanguage\":\"sk-SK\"},{\"@type\":\"Organization\",\"@id\":\"https:\/\/www.festivalvedy.sk\/wp2\/#organization\",\"name\":\"Festival vedy a techniky AMAVET\",\"url\":\"https:\/\/www.festivalvedy.sk\/wp2\/\",\"logo\":{\"@type\":\"ImageObject\",\"inLanguage\":\"sk-SK\",\"@id\":\"https:\/\/www.festivalvedy.sk\/wp2\/#\/schema\/logo\/image\/\",\"url\":\"https:\/\/www.festivalvedy.sk\/wp2\/wp-content\/uploads\/2022\/02\/cropped-fvat-ochranna-zona.png\",\"contentUrl\":\"https:\/\/www.festivalvedy.sk\/wp2\/wp-content\/uploads\/2022\/02\/cropped-fvat-ochranna-zona.png\",\"width\":1190,\"height\":357,\"caption\":\"Festival vedy a techniky AMAVET\"},\"image\":{\"@id\":\"https:\/\/www.festivalvedy.sk\/wp2\/#\/schema\/logo\/image\/\"}},{\"@type\":\"Person\",\"@id\":\"https:\/\/www.festivalvedy.sk\/wp2\/#\/schema\/person\/f6c2e17170a626260fe38db97ed0a1f5\",\"name\":\"Redakcia\",\"image\":{\"@type\":\"ImageObject\",\"inLanguage\":\"sk-SK\",\"@id\":\"https:\/\/secure.gravatar.com\/avatar\/2f7c312d560e25e8eb59b6b53cadd5dc16b39f25bac1c7d0a221dafd9c91fae9?s=96&d=mm&r=g\",\"url\":\"https:\/\/secure.gravatar.com\/avatar\/2f7c312d560e25e8eb59b6b53cadd5dc16b39f25bac1c7d0a221dafd9c91fae9?s=96&d=mm&r=g\",\"contentUrl\":\"https:\/\/secure.gravatar.com\/avatar\/2f7c312d560e25e8eb59b6b53cadd5dc16b39f25bac1c7d0a221dafd9c91fae9?s=96&d=mm&r=g\",\"caption\":\"Redakcia\"},\"url\":\"https:\/\/www.festivalvedy.sk\/wp2\/author\/fvatadmin\/\"}]}<\/script>\n<!-- \/ Yoast SEO plugin. -->","yoast_head_json":{"title":"Spr\u00edstup\u0148ovanie a ochrana star\u00fdch bansk\u00fdch diel - Festival vedy a techniky AMAVET","robots":{"index":"index","follow":"follow","max-snippet":"max-snippet:-1","max-image-preview":"max-image-preview:large","max-video-preview":"max-video-preview:-1"},"canonical":"https:\/\/www.festivalvedy.sk\/wp2\/spristupnovanie-a-ochrana-starych-banskych-diel\/","og_locale":"sk_SK","og_type":"article","og_title":"Spr\u00edstup\u0148ovanie a ochrana star\u00fdch bansk\u00fdch diel - Festival vedy a techniky AMAVET","og_description":"Autor\/autori: Vladim\u00edr Ivani\u010d V 13., 14. a v 15. storo\u010d\u00ed zohr\u00e1va Gelnica dominantn\u00fa \u00falohu z d\u00f4vodu obdobia najv\u00e4\u010d\u0161ieho rozkvetu na dob\u00fdvanie medenej rudy, ale aj \u0165a\u017eby striebra, zlata, ortuti a tie\u017e \u017eeleznej rudy. Obdobie, kedy bolo ban\u00edctvo jedn\u00fdm z najlep\u0161ie platen\u00fdch zamestnan\u00ed a \u017eivila sa n\u00edm v\u00e4\u010d\u0161ina obyvate\u013eov Spi\u0161a je nen\u00e1vratne pre\u010d. My si dnes [&hellip;]","og_url":"https:\/\/www.festivalvedy.sk\/wp2\/spristupnovanie-a-ochrana-starych-banskych-diel\/","og_site_name":"Festival vedy a techniky AMAVET","article_published_time":"2019-09-18T10:45:39+00:00","author":"Redakcia","twitter_card":"summary_large_image","twitter_misc":{"Autor":"Redakcia","Predpokladan\u00fd \u010das \u010d\u00edtania":"1 min\u00fata"},"schema":{"@context":"https:\/\/schema.org","@graph":[{"@type":"Article","@id":"https:\/\/www.festivalvedy.sk\/wp2\/spristupnovanie-a-ochrana-starych-banskych-diel\/#article","isPartOf":{"@id":"https:\/\/www.festivalvedy.sk\/wp2\/spristupnovanie-a-ochrana-starych-banskych-diel\/"},"author":{"name":"Redakcia","@id":"https:\/\/www.festivalvedy.sk\/wp2\/#\/schema\/person\/f6c2e17170a626260fe38db97ed0a1f5"},"headline":"Spr\u00edstup\u0148ovanie a ochrana star\u00fdch bansk\u00fdch diel","datePublished":"2019-09-18T10:45:39+00:00","mainEntityOfPage":{"@id":"https:\/\/www.festivalvedy.sk\/wp2\/spristupnovanie-a-ochrana-starych-banskych-diel\/"},"wordCount":223,"commentCount":0,"publisher":{"@id":"https:\/\/www.festivalvedy.sk\/wp2\/#organization"},"keywords":["2019","Geovedy"],"articleSection":["Arch\u00edv 2018","Geovedy"],"inLanguage":"sk-SK"},{"@type":"WebPage","@id":"https:\/\/www.festivalvedy.sk\/wp2\/spristupnovanie-a-ochrana-starych-banskych-diel\/","url":"https:\/\/www.festivalvedy.sk\/wp2\/spristupnovanie-a-ochrana-starych-banskych-diel\/","name":"Spr\u00edstup\u0148ovanie a ochrana star\u00fdch bansk\u00fdch diel - Festival vedy a techniky AMAVET","isPartOf":{"@id":"https:\/\/www.festivalvedy.sk\/wp2\/#website"},"datePublished":"2019-09-18T10:45:39+00:00","breadcrumb":{"@id":"https:\/\/www.festivalvedy.sk\/wp2\/spristupnovanie-a-ochrana-starych-banskych-diel\/#breadcrumb"},"inLanguage":"sk-SK","potentialAction":[{"@type":"ReadAction","target":["https:\/\/www.festivalvedy.sk\/wp2\/spristupnovanie-a-ochrana-starych-banskych-diel\/"]}]},{"@type":"BreadcrumbList","@id":"https:\/\/www.festivalvedy.sk\/wp2\/spristupnovanie-a-ochrana-starych-banskych-diel\/#breadcrumb","itemListElement":[{"@type":"ListItem","position":1,"name":"Home","item":"https:\/\/www.festivalvedy.sk\/wp2\/"},{"@type":"ListItem","position":2,"name":"Spr\u00edstup\u0148ovanie a ochrana star\u00fdch bansk\u00fdch diel"}]},{"@type":"WebSite","@id":"https:\/\/www.festivalvedy.sk\/wp2\/#website","url":"https:\/\/www.festivalvedy.sk\/wp2\/","name":"Festival vedy a techniky AMAVET","description":"AMAVET - Asoci\u00e1cia pre ml\u00e1de\u017e, vedu a techniku","publisher":{"@id":"https:\/\/www.festivalvedy.sk\/wp2\/#organization"},"potentialAction":[{"@type":"SearchAction","target":{"@type":"EntryPoint","urlTemplate":"https:\/\/www.festivalvedy.sk\/wp2\/?s={search_term_string}"},"query-input":{"@type":"PropertyValueSpecification","valueRequired":true,"valueName":"search_term_string"}}],"inLanguage":"sk-SK"},{"@type":"Organization","@id":"https:\/\/www.festivalvedy.sk\/wp2\/#organization","name":"Festival vedy a techniky AMAVET","url":"https:\/\/www.festivalvedy.sk\/wp2\/","logo":{"@type":"ImageObject","inLanguage":"sk-SK","@id":"https:\/\/www.festivalvedy.sk\/wp2\/#\/schema\/logo\/image\/","url":"https:\/\/www.festivalvedy.sk\/wp2\/wp-content\/uploads\/2022\/02\/cropped-fvat-ochranna-zona.png","contentUrl":"https:\/\/www.festivalvedy.sk\/wp2\/wp-content\/uploads\/2022\/02\/cropped-fvat-ochranna-zona.png","width":1190,"height":357,"caption":"Festival vedy a techniky AMAVET"},"image":{"@id":"https:\/\/www.festivalvedy.sk\/wp2\/#\/schema\/logo\/image\/"}},{"@type":"Person","@id":"https:\/\/www.festivalvedy.sk\/wp2\/#\/schema\/person\/f6c2e17170a626260fe38db97ed0a1f5","name":"Redakcia","image":{"@type":"ImageObject","inLanguage":"sk-SK","@id":"https:\/\/secure.gravatar.com\/avatar\/2f7c312d560e25e8eb59b6b53cadd5dc16b39f25bac1c7d0a221dafd9c91fae9?s=96&d=mm&r=g","url":"https:\/\/secure.gravatar.com\/avatar\/2f7c312d560e25e8eb59b6b53cadd5dc16b39f25bac1c7d0a221dafd9c91fae9?s=96&d=mm&r=g","contentUrl":"https:\/\/secure.gravatar.com\/avatar\/2f7c312d560e25e8eb59b6b53cadd5dc16b39f25bac1c7d0a221dafd9c91fae9?s=96&d=mm&r=g","caption":"Redakcia"},"url":"https:\/\/www.festivalvedy.sk\/wp2\/author\/fvatadmin\/"}]}},"_links":{"self":[{"href":"https:\/\/www.festivalvedy.sk\/wp2\/wp-json\/wp\/v2\/posts\/858","targetHints":{"allow":["GET"]}}],"collection":[{"href":"https:\/\/www.festivalvedy.sk\/wp2\/wp-json\/wp\/v2\/posts"}],"about":[{"href":"https:\/\/www.festivalvedy.sk\/wp2\/wp-json\/wp\/v2\/types\/post"}],"author":[{"embeddable":true,"href":"https:\/\/www.festivalvedy.sk\/wp2\/wp-json\/wp\/v2\/users\/1"}],"replies":[{"embeddable":true,"href":"https:\/\/www.festivalvedy.sk\/wp2\/wp-json\/wp\/v2\/comments?post=858"}],"version-history":[{"count":0,"href":"https:\/\/www.festivalvedy.sk\/wp2\/wp-json\/wp\/v2\/posts\/858\/revisions"}],"wp:attachment":[{"href":"https:\/\/www.festivalvedy.sk\/wp2\/wp-json\/wp\/v2\/media?parent=858"}],"wp:term":[{"taxonomy":"category","embeddable":true,"href":"https:\/\/www.festivalvedy.sk\/wp2\/wp-json\/wp\/v2\/categories?post=858"},{"taxonomy":"post_tag","embeddable":true,"href":"https:\/\/www.festivalvedy.sk\/wp2\/wp-json\/wp\/v2\/tags?post=858"}],"curies":[{"name":"wp","href":"https:\/\/api.w.org\/{rel}","templated":true}]}}