{"id":866,"date":"2019-09-18T12:45:41","date_gmt":"2019-09-18T10:45:41","guid":{"rendered":"https:\/\/www.festivalvedy.sk\/wp2\/kymatika-umenie-vo-vede-veda-v-umeni\/"},"modified":"2019-09-18T12:45:41","modified_gmt":"2019-09-18T10:45:41","slug":"kymatika-umenie-vo-vede-veda-v-umeni","status":"publish","type":"post","link":"https:\/\/www.festivalvedy.sk\/wp2\/kymatika-umenie-vo-vede-veda-v-umeni\/","title":{"rendered":"Kymatika: Umenie vo vede, veda v umen\u00ed."},"content":{"rendered":"<p>Autor\/autori: Viliam Kubi\u010d\u00e1r  <\/p>\n<p>V pr\u00e1ci som sa venoval menej zn\u00e1memu vedn\u00e9mu odboru , ktor\u00e9ho najv\u00fdsti\u017enej\u0161ou charakteristikou je, \u017ee je to vlastne \u201ezvidite\u013enenie\u201c zvuku pomocou vibr\u00e1ci\u00ed, ktor\u00e9 zvuk vytv\u00e1ra. V \u00favode sa pr\u00e1ca venuje z\u00e1kladn\u00fdm vlastnostiam zvuku a jeho vlastnostiam a opisom mojich vlastn\u00fdch pokusov,  ktor\u00fdmi som si dan\u00e9 javy overil. \u010ealej pr\u00e1ca opisuje hist\u00f3riu kymatiky, princ\u00edp kymatick\u00fdch  zariaden\u00ed od najstar\u0161\u00edch \u010dias. Viacero pr\u00edstrojov a pom\u00f4cok o ktor\u00fdch p\u00ed\u0161em som si aj vyrobil, alebo som vytvoril svoj vlastn\u00fd ekvivalent. V pr\u00e1ci s\u00fa pop\u00edsan\u00e9 pokusy s Chladniho plat\u0148ou, v\u00fdroba  vlastn\u00e9ho eidof\u00f3nu a tonoskopu. \u010cas\u0165 pr\u00e1ce tvoria pokusy na\u017eivo s mojimi pom\u00f4ckami a videoz\u00e1znamy z nich.  Popisujem tie\u017e zauj\u00edmav\u00e9 prel\u00ednanie umenia a hist\u00f3rie prostredn\u00edctvom kymatiky. V \u010fal\u0161ej \u010dasti pr\u00e1ce popisujem princ\u00edp kymaskopu a postup, ako som ja zn\u00e1zornil zvuk pomocou laserov\u00e9ho l\u00fa\u010da. V z\u00e1vere sa venujem mo\u017en\u00fdm e\u0161te len s\u013eubn\u00fdm pou\u017eitiam kymatiky vo vede,  napr\u00edklad v dorozumievan\u00edm s delf\u00ednmi,  oce\u00e1nografii,  biol\u00f3gii, klimatol\u00f3gii.<\/p>\n","protected":false},"excerpt":{"rendered":"<p>Autor\/autori: Viliam Kubi\u010d\u00e1r V pr\u00e1ci som sa venoval menej zn\u00e1memu vedn\u00e9mu odboru , ktor\u00e9ho najv\u00fdsti\u017enej\u0161ou charakteristikou je, \u017ee je to vlastne \u201ezvidite\u013enenie\u201c zvuku pomocou vibr\u00e1ci\u00ed, ktor\u00e9 zvuk vytv\u00e1ra. V \u00favode sa pr\u00e1ca venuje z\u00e1kladn\u00fdm vlastnostiam zvuku a jeho vlastnostiam a opisom mojich vlastn\u00fdch pokusov, ktor\u00fdmi som si dan\u00e9 javy overil. \u010ealej pr\u00e1ca opisuje hist\u00f3riu kymatiky, [&hellip;]<\/p>\n","protected":false},"author":1,"featured_media":0,"comment_status":"open","ping_status":"open","sticky":false,"template":"","format":"standard","meta":{"om_disable_all_campaigns":false,"_monsterinsights_skip_tracking":false,"_monsterinsights_sitenote_active":false,"_monsterinsights_sitenote_note":"","_monsterinsights_sitenote_category":0,"_uf_show_specific_survey":0,"_uf_disable_surveys":false,"footnotes":""},"categories":[6,14],"tags":[8,15],"class_list":["post-866","post","type-post","status-publish","format-standard","hentry","category-6","category-fyzika-a-astronomia","tag-8","tag-fyzika-a-astronomia"],"yoast_head":"<!-- This site is optimized with the Yoast SEO plugin v27.2 - https:\/\/yoast.com\/product\/yoast-seo-wordpress\/ -->\n<title>Kymatika: Umenie vo vede, veda v umen\u00ed. - Festival vedy a techniky AMAVET<\/title>\n<meta name=\"robots\" content=\"index, follow, max-snippet:-1, max-image-preview:large, max-video-preview:-1\" \/>\n<link rel=\"canonical\" href=\"https:\/\/www.festivalvedy.sk\/wp2\/kymatika-umenie-vo-vede-veda-v-umeni\/\" \/>\n<meta property=\"og:locale\" content=\"sk_SK\" \/>\n<meta property=\"og:type\" content=\"article\" \/>\n<meta property=\"og:title\" content=\"Kymatika: Umenie vo vede, veda v umen\u00ed. - Festival vedy a techniky AMAVET\" \/>\n<meta property=\"og:description\" content=\"Autor\/autori: Viliam Kubi\u010d\u00e1r V pr\u00e1ci som sa venoval menej zn\u00e1memu vedn\u00e9mu odboru , ktor\u00e9ho najv\u00fdsti\u017enej\u0161ou charakteristikou je, \u017ee je to vlastne \u201ezvidite\u013enenie\u201c zvuku pomocou vibr\u00e1ci\u00ed, ktor\u00e9 zvuk vytv\u00e1ra. V \u00favode sa pr\u00e1ca venuje z\u00e1kladn\u00fdm vlastnostiam zvuku a jeho vlastnostiam a opisom mojich vlastn\u00fdch pokusov, ktor\u00fdmi som si dan\u00e9 javy overil. \u010ealej pr\u00e1ca opisuje hist\u00f3riu kymatiky, [&hellip;]\" \/>\n<meta property=\"og:url\" content=\"https:\/\/www.festivalvedy.sk\/wp2\/kymatika-umenie-vo-vede-veda-v-umeni\/\" \/>\n<meta property=\"og:site_name\" content=\"Festival vedy a techniky AMAVET\" \/>\n<meta property=\"article:published_time\" content=\"2019-09-18T10:45:41+00:00\" \/>\n<meta name=\"author\" content=\"Redakcia\" \/>\n<meta name=\"twitter:card\" content=\"summary_large_image\" \/>\n<meta name=\"twitter:label1\" content=\"Autor\" \/>\n\t<meta name=\"twitter:data1\" content=\"Redakcia\" \/>\n\t<meta name=\"twitter:label2\" content=\"Predpokladan\u00fd \u010das \u010d\u00edtania\" \/>\n\t<meta name=\"twitter:data2\" content=\"1 min\u00fata\" \/>\n<script type=\"application\/ld+json\" class=\"yoast-schema-graph\">{\"@context\":\"https:\/\/schema.org\",\"@graph\":[{\"@type\":\"Article\",\"@id\":\"https:\/\/www.festivalvedy.sk\/wp2\/kymatika-umenie-vo-vede-veda-v-umeni\/#article\",\"isPartOf\":{\"@id\":\"https:\/\/www.festivalvedy.sk\/wp2\/kymatika-umenie-vo-vede-veda-v-umeni\/\"},\"author\":{\"name\":\"Redakcia\",\"@id\":\"https:\/\/www.festivalvedy.sk\/wp2\/#\/schema\/person\/f6c2e17170a626260fe38db97ed0a1f5\"},\"headline\":\"Kymatika: Umenie vo vede, veda v umen\u00ed.\",\"datePublished\":\"2019-09-18T10:45:41+00:00\",\"mainEntityOfPage\":{\"@id\":\"https:\/\/www.festivalvedy.sk\/wp2\/kymatika-umenie-vo-vede-veda-v-umeni\/\"},\"wordCount\":214,\"commentCount\":0,\"publisher\":{\"@id\":\"https:\/\/www.festivalvedy.sk\/wp2\/#organization\"},\"keywords\":[\"2019\",\"Fyzika a astron\u00f3mia\"],\"articleSection\":[\"Arch\u00edv 2018\",\"Fyzika a astron\u00f3mia\"],\"inLanguage\":\"sk-SK\"},{\"@type\":\"WebPage\",\"@id\":\"https:\/\/www.festivalvedy.sk\/wp2\/kymatika-umenie-vo-vede-veda-v-umeni\/\",\"url\":\"https:\/\/www.festivalvedy.sk\/wp2\/kymatika-umenie-vo-vede-veda-v-umeni\/\",\"name\":\"Kymatika: Umenie vo vede, veda v umen\u00ed. - Festival vedy a techniky AMAVET\",\"isPartOf\":{\"@id\":\"https:\/\/www.festivalvedy.sk\/wp2\/#website\"},\"datePublished\":\"2019-09-18T10:45:41+00:00\",\"breadcrumb\":{\"@id\":\"https:\/\/www.festivalvedy.sk\/wp2\/kymatika-umenie-vo-vede-veda-v-umeni\/#breadcrumb\"},\"inLanguage\":\"sk-SK\",\"potentialAction\":[{\"@type\":\"ReadAction\",\"target\":[\"https:\/\/www.festivalvedy.sk\/wp2\/kymatika-umenie-vo-vede-veda-v-umeni\/\"]}]},{\"@type\":\"BreadcrumbList\",\"@id\":\"https:\/\/www.festivalvedy.sk\/wp2\/kymatika-umenie-vo-vede-veda-v-umeni\/#breadcrumb\",\"itemListElement\":[{\"@type\":\"ListItem\",\"position\":1,\"name\":\"Home\",\"item\":\"https:\/\/www.festivalvedy.sk\/wp2\/\"},{\"@type\":\"ListItem\",\"position\":2,\"name\":\"Kymatika: Umenie vo vede, veda v umen\u00ed.\"}]},{\"@type\":\"WebSite\",\"@id\":\"https:\/\/www.festivalvedy.sk\/wp2\/#website\",\"url\":\"https:\/\/www.festivalvedy.sk\/wp2\/\",\"name\":\"Festival vedy a techniky AMAVET\",\"description\":\"AMAVET - Asoci\u00e1cia pre ml\u00e1de\u017e, vedu a techniku\",\"publisher\":{\"@id\":\"https:\/\/www.festivalvedy.sk\/wp2\/#organization\"},\"potentialAction\":[{\"@type\":\"SearchAction\",\"target\":{\"@type\":\"EntryPoint\",\"urlTemplate\":\"https:\/\/www.festivalvedy.sk\/wp2\/?s={search_term_string}\"},\"query-input\":{\"@type\":\"PropertyValueSpecification\",\"valueRequired\":true,\"valueName\":\"search_term_string\"}}],\"inLanguage\":\"sk-SK\"},{\"@type\":\"Organization\",\"@id\":\"https:\/\/www.festivalvedy.sk\/wp2\/#organization\",\"name\":\"Festival vedy a techniky AMAVET\",\"url\":\"https:\/\/www.festivalvedy.sk\/wp2\/\",\"logo\":{\"@type\":\"ImageObject\",\"inLanguage\":\"sk-SK\",\"@id\":\"https:\/\/www.festivalvedy.sk\/wp2\/#\/schema\/logo\/image\/\",\"url\":\"https:\/\/www.festivalvedy.sk\/wp2\/wp-content\/uploads\/2022\/02\/cropped-fvat-ochranna-zona.png\",\"contentUrl\":\"https:\/\/www.festivalvedy.sk\/wp2\/wp-content\/uploads\/2022\/02\/cropped-fvat-ochranna-zona.png\",\"width\":1190,\"height\":357,\"caption\":\"Festival vedy a techniky AMAVET\"},\"image\":{\"@id\":\"https:\/\/www.festivalvedy.sk\/wp2\/#\/schema\/logo\/image\/\"}},{\"@type\":\"Person\",\"@id\":\"https:\/\/www.festivalvedy.sk\/wp2\/#\/schema\/person\/f6c2e17170a626260fe38db97ed0a1f5\",\"name\":\"Redakcia\",\"image\":{\"@type\":\"ImageObject\",\"inLanguage\":\"sk-SK\",\"@id\":\"https:\/\/secure.gravatar.com\/avatar\/2f7c312d560e25e8eb59b6b53cadd5dc16b39f25bac1c7d0a221dafd9c91fae9?s=96&d=mm&r=g\",\"url\":\"https:\/\/secure.gravatar.com\/avatar\/2f7c312d560e25e8eb59b6b53cadd5dc16b39f25bac1c7d0a221dafd9c91fae9?s=96&d=mm&r=g\",\"contentUrl\":\"https:\/\/secure.gravatar.com\/avatar\/2f7c312d560e25e8eb59b6b53cadd5dc16b39f25bac1c7d0a221dafd9c91fae9?s=96&d=mm&r=g\",\"caption\":\"Redakcia\"},\"url\":\"https:\/\/www.festivalvedy.sk\/wp2\/author\/fvatadmin\/\"}]}<\/script>\n<!-- \/ Yoast SEO plugin. -->","yoast_head_json":{"title":"Kymatika: Umenie vo vede, veda v umen\u00ed. - Festival vedy a techniky AMAVET","robots":{"index":"index","follow":"follow","max-snippet":"max-snippet:-1","max-image-preview":"max-image-preview:large","max-video-preview":"max-video-preview:-1"},"canonical":"https:\/\/www.festivalvedy.sk\/wp2\/kymatika-umenie-vo-vede-veda-v-umeni\/","og_locale":"sk_SK","og_type":"article","og_title":"Kymatika: Umenie vo vede, veda v umen\u00ed. - Festival vedy a techniky AMAVET","og_description":"Autor\/autori: Viliam Kubi\u010d\u00e1r V pr\u00e1ci som sa venoval menej zn\u00e1memu vedn\u00e9mu odboru , ktor\u00e9ho najv\u00fdsti\u017enej\u0161ou charakteristikou je, \u017ee je to vlastne \u201ezvidite\u013enenie\u201c zvuku pomocou vibr\u00e1ci\u00ed, ktor\u00e9 zvuk vytv\u00e1ra. V \u00favode sa pr\u00e1ca venuje z\u00e1kladn\u00fdm vlastnostiam zvuku a jeho vlastnostiam a opisom mojich vlastn\u00fdch pokusov, ktor\u00fdmi som si dan\u00e9 javy overil. \u010ealej pr\u00e1ca opisuje hist\u00f3riu kymatiky, [&hellip;]","og_url":"https:\/\/www.festivalvedy.sk\/wp2\/kymatika-umenie-vo-vede-veda-v-umeni\/","og_site_name":"Festival vedy a techniky AMAVET","article_published_time":"2019-09-18T10:45:41+00:00","author":"Redakcia","twitter_card":"summary_large_image","twitter_misc":{"Autor":"Redakcia","Predpokladan\u00fd \u010das \u010d\u00edtania":"1 min\u00fata"},"schema":{"@context":"https:\/\/schema.org","@graph":[{"@type":"Article","@id":"https:\/\/www.festivalvedy.sk\/wp2\/kymatika-umenie-vo-vede-veda-v-umeni\/#article","isPartOf":{"@id":"https:\/\/www.festivalvedy.sk\/wp2\/kymatika-umenie-vo-vede-veda-v-umeni\/"},"author":{"name":"Redakcia","@id":"https:\/\/www.festivalvedy.sk\/wp2\/#\/schema\/person\/f6c2e17170a626260fe38db97ed0a1f5"},"headline":"Kymatika: Umenie vo vede, veda v umen\u00ed.","datePublished":"2019-09-18T10:45:41+00:00","mainEntityOfPage":{"@id":"https:\/\/www.festivalvedy.sk\/wp2\/kymatika-umenie-vo-vede-veda-v-umeni\/"},"wordCount":214,"commentCount":0,"publisher":{"@id":"https:\/\/www.festivalvedy.sk\/wp2\/#organization"},"keywords":["2019","Fyzika a astron\u00f3mia"],"articleSection":["Arch\u00edv 2018","Fyzika a astron\u00f3mia"],"inLanguage":"sk-SK"},{"@type":"WebPage","@id":"https:\/\/www.festivalvedy.sk\/wp2\/kymatika-umenie-vo-vede-veda-v-umeni\/","url":"https:\/\/www.festivalvedy.sk\/wp2\/kymatika-umenie-vo-vede-veda-v-umeni\/","name":"Kymatika: Umenie vo vede, veda v umen\u00ed. - Festival vedy a techniky AMAVET","isPartOf":{"@id":"https:\/\/www.festivalvedy.sk\/wp2\/#website"},"datePublished":"2019-09-18T10:45:41+00:00","breadcrumb":{"@id":"https:\/\/www.festivalvedy.sk\/wp2\/kymatika-umenie-vo-vede-veda-v-umeni\/#breadcrumb"},"inLanguage":"sk-SK","potentialAction":[{"@type":"ReadAction","target":["https:\/\/www.festivalvedy.sk\/wp2\/kymatika-umenie-vo-vede-veda-v-umeni\/"]}]},{"@type":"BreadcrumbList","@id":"https:\/\/www.festivalvedy.sk\/wp2\/kymatika-umenie-vo-vede-veda-v-umeni\/#breadcrumb","itemListElement":[{"@type":"ListItem","position":1,"name":"Home","item":"https:\/\/www.festivalvedy.sk\/wp2\/"},{"@type":"ListItem","position":2,"name":"Kymatika: Umenie vo vede, veda v umen\u00ed."}]},{"@type":"WebSite","@id":"https:\/\/www.festivalvedy.sk\/wp2\/#website","url":"https:\/\/www.festivalvedy.sk\/wp2\/","name":"Festival vedy a techniky AMAVET","description":"AMAVET - Asoci\u00e1cia pre ml\u00e1de\u017e, vedu a techniku","publisher":{"@id":"https:\/\/www.festivalvedy.sk\/wp2\/#organization"},"potentialAction":[{"@type":"SearchAction","target":{"@type":"EntryPoint","urlTemplate":"https:\/\/www.festivalvedy.sk\/wp2\/?s={search_term_string}"},"query-input":{"@type":"PropertyValueSpecification","valueRequired":true,"valueName":"search_term_string"}}],"inLanguage":"sk-SK"},{"@type":"Organization","@id":"https:\/\/www.festivalvedy.sk\/wp2\/#organization","name":"Festival vedy a techniky AMAVET","url":"https:\/\/www.festivalvedy.sk\/wp2\/","logo":{"@type":"ImageObject","inLanguage":"sk-SK","@id":"https:\/\/www.festivalvedy.sk\/wp2\/#\/schema\/logo\/image\/","url":"https:\/\/www.festivalvedy.sk\/wp2\/wp-content\/uploads\/2022\/02\/cropped-fvat-ochranna-zona.png","contentUrl":"https:\/\/www.festivalvedy.sk\/wp2\/wp-content\/uploads\/2022\/02\/cropped-fvat-ochranna-zona.png","width":1190,"height":357,"caption":"Festival vedy a techniky AMAVET"},"image":{"@id":"https:\/\/www.festivalvedy.sk\/wp2\/#\/schema\/logo\/image\/"}},{"@type":"Person","@id":"https:\/\/www.festivalvedy.sk\/wp2\/#\/schema\/person\/f6c2e17170a626260fe38db97ed0a1f5","name":"Redakcia","image":{"@type":"ImageObject","inLanguage":"sk-SK","@id":"https:\/\/secure.gravatar.com\/avatar\/2f7c312d560e25e8eb59b6b53cadd5dc16b39f25bac1c7d0a221dafd9c91fae9?s=96&d=mm&r=g","url":"https:\/\/secure.gravatar.com\/avatar\/2f7c312d560e25e8eb59b6b53cadd5dc16b39f25bac1c7d0a221dafd9c91fae9?s=96&d=mm&r=g","contentUrl":"https:\/\/secure.gravatar.com\/avatar\/2f7c312d560e25e8eb59b6b53cadd5dc16b39f25bac1c7d0a221dafd9c91fae9?s=96&d=mm&r=g","caption":"Redakcia"},"url":"https:\/\/www.festivalvedy.sk\/wp2\/author\/fvatadmin\/"}]}},"_links":{"self":[{"href":"https:\/\/www.festivalvedy.sk\/wp2\/wp-json\/wp\/v2\/posts\/866","targetHints":{"allow":["GET"]}}],"collection":[{"href":"https:\/\/www.festivalvedy.sk\/wp2\/wp-json\/wp\/v2\/posts"}],"about":[{"href":"https:\/\/www.festivalvedy.sk\/wp2\/wp-json\/wp\/v2\/types\/post"}],"author":[{"embeddable":true,"href":"https:\/\/www.festivalvedy.sk\/wp2\/wp-json\/wp\/v2\/users\/1"}],"replies":[{"embeddable":true,"href":"https:\/\/www.festivalvedy.sk\/wp2\/wp-json\/wp\/v2\/comments?post=866"}],"version-history":[{"count":0,"href":"https:\/\/www.festivalvedy.sk\/wp2\/wp-json\/wp\/v2\/posts\/866\/revisions"}],"wp:attachment":[{"href":"https:\/\/www.festivalvedy.sk\/wp2\/wp-json\/wp\/v2\/media?parent=866"}],"wp:term":[{"taxonomy":"category","embeddable":true,"href":"https:\/\/www.festivalvedy.sk\/wp2\/wp-json\/wp\/v2\/categories?post=866"},{"taxonomy":"post_tag","embeddable":true,"href":"https:\/\/www.festivalvedy.sk\/wp2\/wp-json\/wp\/v2\/tags?post=866"}],"curies":[{"name":"wp","href":"https:\/\/api.w.org\/{rel}","templated":true}]}}