{"id":869,"date":"2019-09-18T12:45:41","date_gmt":"2019-09-18T10:45:41","guid":{"rendered":"https:\/\/www.festivalvedy.sk\/wp2\/kompaktny-audiozosilnovac\/"},"modified":"2019-09-18T12:45:41","modified_gmt":"2019-09-18T10:45:41","slug":"kompaktny-audiozosilnovac","status":"publish","type":"post","link":"https:\/\/www.festivalvedy.sk\/wp2\/kompaktny-audiozosilnovac\/","title":{"rendered":"Kompaktn\u00fd audiozosil\u0148ova\u010d"},"content":{"rendered":"<p>Autor\/autori: Vladislav Slosar\u010d\u00edk  <\/p>\n<p>Na projekte som za\u010dal pracova\u0165 s \u00famyslom navrhn\u00fa\u0165 kompaktn\u00fd, jednoduch\u00fd a spo\u013eahliv\u00fd audio zosil\u0148ova\u010d. Pri jeho n\u00e1vrhu a v\u00fdrobe som sa nau\u010dil ve\u013ea o elektronike a akustike, zdokonalil som si svoje zru\u010dnosti v sp\u00e1jkovan\u00ed, n\u00e1vrhu a kreslen\u00ed plo\u0161n\u00fdch spojov. Na zosil\u0148ova\u010di som za\u010dal pracova\u0165 v novembri roku 2016 a prv\u00fd raz som ho o\u017eivil v janu\u00e1ri 2017. Nesk\u00f4r som do\u0148 nain\u0161taloval korek\u010dn\u00fd predzosil\u0148ova\u010d a usporiadal som jeho vn\u00fatorn\u00e9 komponenty. Po\u010das stavby som zistil, \u017ee hlin\u00edkov\u00fd chladi\u010d situovan\u00fd medzi korek\u010dnou f\u00e1zou a transform\u00e1tormi funguje ako efekt\u00edvne tienenie a t\u00fdm zni\u017euje skreslenie. Celkov\u00fd dizajn je modul\u00e1rny, kompaktn\u00fd a jednoduch\u00fd, vn\u00fatorn\u00e1 kabel\u00e1\u017e je farebne zna\u010den\u00e1, obvody vidite\u013en\u00e9, to v\u0161etko pre demon\u0161tra\u010dn\u00e9 \u00fa\u010dely. Cie\u013eom m\u00f4jho projektu je predstavi\u0165 kompaktn\u00fd model v\u00fdkonov\u00e9ho zosil\u0148ova\u010da s n\u00edzkym skreslen\u00edm a jednoduchou stavbou.<\/p>\n","protected":false},"excerpt":{"rendered":"<p>Autor\/autori: Vladislav Slosar\u010d\u00edk Na projekte som za\u010dal pracova\u0165 s \u00famyslom navrhn\u00fa\u0165 kompaktn\u00fd, jednoduch\u00fd a spo\u013eahliv\u00fd audio zosil\u0148ova\u010d. Pri jeho n\u00e1vrhu a v\u00fdrobe som sa nau\u010dil ve\u013ea o elektronike a akustike, zdokonalil som si svoje zru\u010dnosti v sp\u00e1jkovan\u00ed, n\u00e1vrhu a kreslen\u00ed plo\u0161n\u00fdch spojov. Na zosil\u0148ova\u010di som za\u010dal pracova\u0165 v novembri roku 2016 a prv\u00fd raz som [&hellip;]<\/p>\n","protected":false},"author":1,"featured_media":0,"comment_status":"open","ping_status":"open","sticky":false,"template":"","format":"standard","meta":{"om_disable_all_campaigns":false,"_monsterinsights_skip_tracking":false,"_monsterinsights_sitenote_active":false,"_monsterinsights_sitenote_note":"","_monsterinsights_sitenote_category":0,"_uf_show_specific_survey":0,"_uf_disable_surveys":false,"footnotes":""},"categories":[6,20],"tags":[8,21],"class_list":["post-869","post","type-post","status-publish","format-standard","hentry","category-6","category-elektrina-a-mechanika","tag-8","tag-elektrina-a-mechanika"],"yoast_head":"<!-- This site is optimized with the Yoast SEO plugin v27.2 - https:\/\/yoast.com\/product\/yoast-seo-wordpress\/ -->\n<title>Kompaktn\u00fd audiozosil\u0148ova\u010d - Festival vedy a techniky AMAVET<\/title>\n<meta name=\"robots\" content=\"index, follow, max-snippet:-1, max-image-preview:large, max-video-preview:-1\" \/>\n<link rel=\"canonical\" href=\"https:\/\/www.festivalvedy.sk\/wp2\/kompaktny-audiozosilnovac\/\" \/>\n<meta property=\"og:locale\" content=\"sk_SK\" \/>\n<meta property=\"og:type\" content=\"article\" \/>\n<meta property=\"og:title\" content=\"Kompaktn\u00fd audiozosil\u0148ova\u010d - Festival vedy a techniky AMAVET\" \/>\n<meta property=\"og:description\" content=\"Autor\/autori: Vladislav Slosar\u010d\u00edk Na projekte som za\u010dal pracova\u0165 s \u00famyslom navrhn\u00fa\u0165 kompaktn\u00fd, jednoduch\u00fd a spo\u013eahliv\u00fd audio zosil\u0148ova\u010d. Pri jeho n\u00e1vrhu a v\u00fdrobe som sa nau\u010dil ve\u013ea o elektronike a akustike, zdokonalil som si svoje zru\u010dnosti v sp\u00e1jkovan\u00ed, n\u00e1vrhu a kreslen\u00ed plo\u0161n\u00fdch spojov. Na zosil\u0148ova\u010di som za\u010dal pracova\u0165 v novembri roku 2016 a prv\u00fd raz som [&hellip;]\" \/>\n<meta property=\"og:url\" content=\"https:\/\/www.festivalvedy.sk\/wp2\/kompaktny-audiozosilnovac\/\" \/>\n<meta property=\"og:site_name\" content=\"Festival vedy a techniky AMAVET\" \/>\n<meta property=\"article:published_time\" content=\"2019-09-18T10:45:41+00:00\" \/>\n<meta name=\"author\" content=\"Redakcia\" \/>\n<meta name=\"twitter:card\" content=\"summary_large_image\" \/>\n<meta name=\"twitter:label1\" content=\"Autor\" \/>\n\t<meta name=\"twitter:data1\" content=\"Redakcia\" \/>\n\t<meta name=\"twitter:label2\" content=\"Predpokladan\u00fd \u010das \u010d\u00edtania\" \/>\n\t<meta name=\"twitter:data2\" content=\"1 min\u00fata\" \/>\n<script type=\"application\/ld+json\" class=\"yoast-schema-graph\">{\"@context\":\"https:\/\/schema.org\",\"@graph\":[{\"@type\":\"Article\",\"@id\":\"https:\/\/www.festivalvedy.sk\/wp2\/kompaktny-audiozosilnovac\/#article\",\"isPartOf\":{\"@id\":\"https:\/\/www.festivalvedy.sk\/wp2\/kompaktny-audiozosilnovac\/\"},\"author\":{\"name\":\"Redakcia\",\"@id\":\"https:\/\/www.festivalvedy.sk\/wp2\/#\/schema\/person\/f6c2e17170a626260fe38db97ed0a1f5\"},\"headline\":\"Kompaktn\u00fd audiozosil\u0148ova\u010d\",\"datePublished\":\"2019-09-18T10:45:41+00:00\",\"mainEntityOfPage\":{\"@id\":\"https:\/\/www.festivalvedy.sk\/wp2\/kompaktny-audiozosilnovac\/\"},\"wordCount\":175,\"commentCount\":0,\"publisher\":{\"@id\":\"https:\/\/www.festivalvedy.sk\/wp2\/#organization\"},\"keywords\":[\"2019\",\"Elektrina a mechanika\"],\"articleSection\":[\"Arch\u00edv 2018\",\"Elektrina a mechanika\"],\"inLanguage\":\"sk-SK\"},{\"@type\":\"WebPage\",\"@id\":\"https:\/\/www.festivalvedy.sk\/wp2\/kompaktny-audiozosilnovac\/\",\"url\":\"https:\/\/www.festivalvedy.sk\/wp2\/kompaktny-audiozosilnovac\/\",\"name\":\"Kompaktn\u00fd audiozosil\u0148ova\u010d - Festival vedy a techniky AMAVET\",\"isPartOf\":{\"@id\":\"https:\/\/www.festivalvedy.sk\/wp2\/#website\"},\"datePublished\":\"2019-09-18T10:45:41+00:00\",\"breadcrumb\":{\"@id\":\"https:\/\/www.festivalvedy.sk\/wp2\/kompaktny-audiozosilnovac\/#breadcrumb\"},\"inLanguage\":\"sk-SK\",\"potentialAction\":[{\"@type\":\"ReadAction\",\"target\":[\"https:\/\/www.festivalvedy.sk\/wp2\/kompaktny-audiozosilnovac\/\"]}]},{\"@type\":\"BreadcrumbList\",\"@id\":\"https:\/\/www.festivalvedy.sk\/wp2\/kompaktny-audiozosilnovac\/#breadcrumb\",\"itemListElement\":[{\"@type\":\"ListItem\",\"position\":1,\"name\":\"Home\",\"item\":\"https:\/\/www.festivalvedy.sk\/wp2\/\"},{\"@type\":\"ListItem\",\"position\":2,\"name\":\"Kompaktn\u00fd audiozosil\u0148ova\u010d\"}]},{\"@type\":\"WebSite\",\"@id\":\"https:\/\/www.festivalvedy.sk\/wp2\/#website\",\"url\":\"https:\/\/www.festivalvedy.sk\/wp2\/\",\"name\":\"Festival vedy a techniky AMAVET\",\"description\":\"AMAVET - Asoci\u00e1cia pre ml\u00e1de\u017e, vedu a techniku\",\"publisher\":{\"@id\":\"https:\/\/www.festivalvedy.sk\/wp2\/#organization\"},\"potentialAction\":[{\"@type\":\"SearchAction\",\"target\":{\"@type\":\"EntryPoint\",\"urlTemplate\":\"https:\/\/www.festivalvedy.sk\/wp2\/?s={search_term_string}\"},\"query-input\":{\"@type\":\"PropertyValueSpecification\",\"valueRequired\":true,\"valueName\":\"search_term_string\"}}],\"inLanguage\":\"sk-SK\"},{\"@type\":\"Organization\",\"@id\":\"https:\/\/www.festivalvedy.sk\/wp2\/#organization\",\"name\":\"Festival vedy a techniky AMAVET\",\"url\":\"https:\/\/www.festivalvedy.sk\/wp2\/\",\"logo\":{\"@type\":\"ImageObject\",\"inLanguage\":\"sk-SK\",\"@id\":\"https:\/\/www.festivalvedy.sk\/wp2\/#\/schema\/logo\/image\/\",\"url\":\"https:\/\/www.festivalvedy.sk\/wp2\/wp-content\/uploads\/2022\/02\/cropped-fvat-ochranna-zona.png\",\"contentUrl\":\"https:\/\/www.festivalvedy.sk\/wp2\/wp-content\/uploads\/2022\/02\/cropped-fvat-ochranna-zona.png\",\"width\":1190,\"height\":357,\"caption\":\"Festival vedy a techniky AMAVET\"},\"image\":{\"@id\":\"https:\/\/www.festivalvedy.sk\/wp2\/#\/schema\/logo\/image\/\"}},{\"@type\":\"Person\",\"@id\":\"https:\/\/www.festivalvedy.sk\/wp2\/#\/schema\/person\/f6c2e17170a626260fe38db97ed0a1f5\",\"name\":\"Redakcia\",\"image\":{\"@type\":\"ImageObject\",\"inLanguage\":\"sk-SK\",\"@id\":\"https:\/\/secure.gravatar.com\/avatar\/2f7c312d560e25e8eb59b6b53cadd5dc16b39f25bac1c7d0a221dafd9c91fae9?s=96&d=mm&r=g\",\"url\":\"https:\/\/secure.gravatar.com\/avatar\/2f7c312d560e25e8eb59b6b53cadd5dc16b39f25bac1c7d0a221dafd9c91fae9?s=96&d=mm&r=g\",\"contentUrl\":\"https:\/\/secure.gravatar.com\/avatar\/2f7c312d560e25e8eb59b6b53cadd5dc16b39f25bac1c7d0a221dafd9c91fae9?s=96&d=mm&r=g\",\"caption\":\"Redakcia\"},\"url\":\"https:\/\/www.festivalvedy.sk\/wp2\/author\/fvatadmin\/\"}]}<\/script>\n<!-- \/ Yoast SEO plugin. -->","yoast_head_json":{"title":"Kompaktn\u00fd audiozosil\u0148ova\u010d - Festival vedy a techniky AMAVET","robots":{"index":"index","follow":"follow","max-snippet":"max-snippet:-1","max-image-preview":"max-image-preview:large","max-video-preview":"max-video-preview:-1"},"canonical":"https:\/\/www.festivalvedy.sk\/wp2\/kompaktny-audiozosilnovac\/","og_locale":"sk_SK","og_type":"article","og_title":"Kompaktn\u00fd audiozosil\u0148ova\u010d - Festival vedy a techniky AMAVET","og_description":"Autor\/autori: Vladislav Slosar\u010d\u00edk Na projekte som za\u010dal pracova\u0165 s \u00famyslom navrhn\u00fa\u0165 kompaktn\u00fd, jednoduch\u00fd a spo\u013eahliv\u00fd audio zosil\u0148ova\u010d. Pri jeho n\u00e1vrhu a v\u00fdrobe som sa nau\u010dil ve\u013ea o elektronike a akustike, zdokonalil som si svoje zru\u010dnosti v sp\u00e1jkovan\u00ed, n\u00e1vrhu a kreslen\u00ed plo\u0161n\u00fdch spojov. Na zosil\u0148ova\u010di som za\u010dal pracova\u0165 v novembri roku 2016 a prv\u00fd raz som [&hellip;]","og_url":"https:\/\/www.festivalvedy.sk\/wp2\/kompaktny-audiozosilnovac\/","og_site_name":"Festival vedy a techniky AMAVET","article_published_time":"2019-09-18T10:45:41+00:00","author":"Redakcia","twitter_card":"summary_large_image","twitter_misc":{"Autor":"Redakcia","Predpokladan\u00fd \u010das \u010d\u00edtania":"1 min\u00fata"},"schema":{"@context":"https:\/\/schema.org","@graph":[{"@type":"Article","@id":"https:\/\/www.festivalvedy.sk\/wp2\/kompaktny-audiozosilnovac\/#article","isPartOf":{"@id":"https:\/\/www.festivalvedy.sk\/wp2\/kompaktny-audiozosilnovac\/"},"author":{"name":"Redakcia","@id":"https:\/\/www.festivalvedy.sk\/wp2\/#\/schema\/person\/f6c2e17170a626260fe38db97ed0a1f5"},"headline":"Kompaktn\u00fd audiozosil\u0148ova\u010d","datePublished":"2019-09-18T10:45:41+00:00","mainEntityOfPage":{"@id":"https:\/\/www.festivalvedy.sk\/wp2\/kompaktny-audiozosilnovac\/"},"wordCount":175,"commentCount":0,"publisher":{"@id":"https:\/\/www.festivalvedy.sk\/wp2\/#organization"},"keywords":["2019","Elektrina a mechanika"],"articleSection":["Arch\u00edv 2018","Elektrina a mechanika"],"inLanguage":"sk-SK"},{"@type":"WebPage","@id":"https:\/\/www.festivalvedy.sk\/wp2\/kompaktny-audiozosilnovac\/","url":"https:\/\/www.festivalvedy.sk\/wp2\/kompaktny-audiozosilnovac\/","name":"Kompaktn\u00fd audiozosil\u0148ova\u010d - Festival vedy a techniky AMAVET","isPartOf":{"@id":"https:\/\/www.festivalvedy.sk\/wp2\/#website"},"datePublished":"2019-09-18T10:45:41+00:00","breadcrumb":{"@id":"https:\/\/www.festivalvedy.sk\/wp2\/kompaktny-audiozosilnovac\/#breadcrumb"},"inLanguage":"sk-SK","potentialAction":[{"@type":"ReadAction","target":["https:\/\/www.festivalvedy.sk\/wp2\/kompaktny-audiozosilnovac\/"]}]},{"@type":"BreadcrumbList","@id":"https:\/\/www.festivalvedy.sk\/wp2\/kompaktny-audiozosilnovac\/#breadcrumb","itemListElement":[{"@type":"ListItem","position":1,"name":"Home","item":"https:\/\/www.festivalvedy.sk\/wp2\/"},{"@type":"ListItem","position":2,"name":"Kompaktn\u00fd audiozosil\u0148ova\u010d"}]},{"@type":"WebSite","@id":"https:\/\/www.festivalvedy.sk\/wp2\/#website","url":"https:\/\/www.festivalvedy.sk\/wp2\/","name":"Festival vedy a techniky AMAVET","description":"AMAVET - Asoci\u00e1cia pre ml\u00e1de\u017e, vedu a techniku","publisher":{"@id":"https:\/\/www.festivalvedy.sk\/wp2\/#organization"},"potentialAction":[{"@type":"SearchAction","target":{"@type":"EntryPoint","urlTemplate":"https:\/\/www.festivalvedy.sk\/wp2\/?s={search_term_string}"},"query-input":{"@type":"PropertyValueSpecification","valueRequired":true,"valueName":"search_term_string"}}],"inLanguage":"sk-SK"},{"@type":"Organization","@id":"https:\/\/www.festivalvedy.sk\/wp2\/#organization","name":"Festival vedy a techniky AMAVET","url":"https:\/\/www.festivalvedy.sk\/wp2\/","logo":{"@type":"ImageObject","inLanguage":"sk-SK","@id":"https:\/\/www.festivalvedy.sk\/wp2\/#\/schema\/logo\/image\/","url":"https:\/\/www.festivalvedy.sk\/wp2\/wp-content\/uploads\/2022\/02\/cropped-fvat-ochranna-zona.png","contentUrl":"https:\/\/www.festivalvedy.sk\/wp2\/wp-content\/uploads\/2022\/02\/cropped-fvat-ochranna-zona.png","width":1190,"height":357,"caption":"Festival vedy a techniky AMAVET"},"image":{"@id":"https:\/\/www.festivalvedy.sk\/wp2\/#\/schema\/logo\/image\/"}},{"@type":"Person","@id":"https:\/\/www.festivalvedy.sk\/wp2\/#\/schema\/person\/f6c2e17170a626260fe38db97ed0a1f5","name":"Redakcia","image":{"@type":"ImageObject","inLanguage":"sk-SK","@id":"https:\/\/secure.gravatar.com\/avatar\/2f7c312d560e25e8eb59b6b53cadd5dc16b39f25bac1c7d0a221dafd9c91fae9?s=96&d=mm&r=g","url":"https:\/\/secure.gravatar.com\/avatar\/2f7c312d560e25e8eb59b6b53cadd5dc16b39f25bac1c7d0a221dafd9c91fae9?s=96&d=mm&r=g","contentUrl":"https:\/\/secure.gravatar.com\/avatar\/2f7c312d560e25e8eb59b6b53cadd5dc16b39f25bac1c7d0a221dafd9c91fae9?s=96&d=mm&r=g","caption":"Redakcia"},"url":"https:\/\/www.festivalvedy.sk\/wp2\/author\/fvatadmin\/"}]}},"_links":{"self":[{"href":"https:\/\/www.festivalvedy.sk\/wp2\/wp-json\/wp\/v2\/posts\/869","targetHints":{"allow":["GET"]}}],"collection":[{"href":"https:\/\/www.festivalvedy.sk\/wp2\/wp-json\/wp\/v2\/posts"}],"about":[{"href":"https:\/\/www.festivalvedy.sk\/wp2\/wp-json\/wp\/v2\/types\/post"}],"author":[{"embeddable":true,"href":"https:\/\/www.festivalvedy.sk\/wp2\/wp-json\/wp\/v2\/users\/1"}],"replies":[{"embeddable":true,"href":"https:\/\/www.festivalvedy.sk\/wp2\/wp-json\/wp\/v2\/comments?post=869"}],"version-history":[{"count":0,"href":"https:\/\/www.festivalvedy.sk\/wp2\/wp-json\/wp\/v2\/posts\/869\/revisions"}],"wp:attachment":[{"href":"https:\/\/www.festivalvedy.sk\/wp2\/wp-json\/wp\/v2\/media?parent=869"}],"wp:term":[{"taxonomy":"category","embeddable":true,"href":"https:\/\/www.festivalvedy.sk\/wp2\/wp-json\/wp\/v2\/categories?post=869"},{"taxonomy":"post_tag","embeddable":true,"href":"https:\/\/www.festivalvedy.sk\/wp2\/wp-json\/wp\/v2\/tags?post=869"}],"curies":[{"name":"wp","href":"https:\/\/api.w.org\/{rel}","templated":true}]}}