{"id":870,"date":"2019-09-18T12:45:41","date_gmt":"2019-09-18T10:45:41","guid":{"rendered":"https:\/\/www.festivalvedy.sk\/wp2\/recyklacia-stavebnych-materialov\/"},"modified":"2019-09-18T12:45:41","modified_gmt":"2019-09-18T10:45:41","slug":"recyklacia-stavebnych-materialov","status":"publish","type":"post","link":"https:\/\/www.festivalvedy.sk\/wp2\/recyklacia-stavebnych-materialov\/","title":{"rendered":"Recykl\u00e1cia stavebn\u00fdch materi\u00e1lov"},"content":{"rendered":"<p>Autor\/autori: Jergu\u0161 \u0160evec  <\/p>\n<p>Predkladan\u00e1 pr\u00e1ca pojedn\u00e1va o ekonomickom a ekologickom dopade moderniz\u00e1cie dopravy so zrete\u013eom na \u017eivotn\u00e9 prostredie. V s\u00fa\u010dasnej dobe narast\u00e1 svetov\u00e1 popul\u00e1cia, d\u00f4sledkom \u010doho sa vyv\u00edja \u010doraz v\u00e4\u010d\u0161\u00ed tlak na moderniz\u00e1ciu stavebn\u00e9ho priemyslu. V\u00fdvoj nenapreduje iba v stavenej technike, ale neobi\u0161iel ani stavebn\u00e9 materi\u00e1ly, \u010di technol\u00f3giu. Tento trend mo\u017eno pozorova\u0165 v\u0161ade v\u00f4kol n\u00e1s. Zasiahol aj moderniz\u00e1ciu elektri\u010dkovej trate v Ko\u0161iciach. Star\u00e9 tehlov\u00e9 m\u00fary sa tak stali zadr\u017eiava\u010dom vody pre tr\u00e1vnik ni\u017e\u0161ieho vzrastu napom\u00e1haj\u00facemu zni\u017eovaniu teploty v radovej z\u00e1stavbe ve\u013ekomesta, \u010di zni\u017eovaniu pra\u0161nosti okolia. Znovupretaven\u00edm star\u00fdch trolejov\u00fdch dr\u00f4tov sa zn\u00ed\u017eil dopyt po novovy\u0165a\u017een\u00fdch surovin\u00e1ch a t\u00fdm aj dopad na \u017eivotn\u00e9 prostredie. K najv\u00e4\u010d\u0161\u00edm zne\u010dis\u0165ovate\u013eom iste patria ropn\u00e9 produkty. Preto ani tu v\u00fdvoj nezaost\u00e1va. Star\u00e9 pneumatiky boli op\u00e4tovne spracovan\u00e9 na tlmi\u010de akustick\u00fdch a mechanick\u00fdch vibr\u00e1ci\u00ed tvoren\u00fdch vplyvom jazdy vozidla, plastov\u00fd odpad zasa na\u0161iel svoje uplatnenie vo vegeta\u010dn\u00fdch plastov\u00fdch blokoch.<\/p>\n","protected":false},"excerpt":{"rendered":"<p>Autor\/autori: Jergu\u0161 \u0160evec Predkladan\u00e1 pr\u00e1ca pojedn\u00e1va o ekonomickom a ekologickom dopade moderniz\u00e1cie dopravy so zrete\u013eom na \u017eivotn\u00e9 prostredie. V s\u00fa\u010dasnej dobe narast\u00e1 svetov\u00e1 popul\u00e1cia, d\u00f4sledkom \u010doho sa vyv\u00edja \u010doraz v\u00e4\u010d\u0161\u00ed tlak na moderniz\u00e1ciu stavebn\u00e9ho priemyslu. V\u00fdvoj nenapreduje iba v stavenej technike, ale neobi\u0161iel ani stavebn\u00e9 materi\u00e1ly, \u010di technol\u00f3giu. Tento trend mo\u017eno pozorova\u0165 v\u0161ade v\u00f4kol n\u00e1s. [&hellip;]<\/p>\n","protected":false},"author":1,"featured_media":0,"comment_status":"open","ping_status":"open","sticky":false,"template":"","format":"standard","meta":{"om_disable_all_campaigns":false,"_monsterinsights_skip_tracking":false,"_monsterinsights_sitenote_active":false,"_monsterinsights_sitenote_note":"","_monsterinsights_sitenote_category":0,"_uf_show_specific_survey":0,"_uf_disable_surveys":false,"footnotes":""},"categories":[6,16],"tags":[8,17],"class_list":["post-870","post","type-post","status-publish","format-standard","hentry","category-6","category-environmentalne-vedy","tag-8","tag-environmentalne-vedy"],"yoast_head":"<!-- This site is optimized with the Yoast SEO plugin v27.2 - https:\/\/yoast.com\/product\/yoast-seo-wordpress\/ -->\n<title>Recykl\u00e1cia stavebn\u00fdch materi\u00e1lov - Festival vedy a techniky AMAVET<\/title>\n<meta name=\"robots\" content=\"index, follow, max-snippet:-1, max-image-preview:large, max-video-preview:-1\" \/>\n<link rel=\"canonical\" href=\"https:\/\/www.festivalvedy.sk\/wp2\/recyklacia-stavebnych-materialov\/\" \/>\n<meta property=\"og:locale\" content=\"sk_SK\" \/>\n<meta property=\"og:type\" content=\"article\" \/>\n<meta property=\"og:title\" content=\"Recykl\u00e1cia stavebn\u00fdch materi\u00e1lov - Festival vedy a techniky AMAVET\" \/>\n<meta property=\"og:description\" content=\"Autor\/autori: Jergu\u0161 \u0160evec Predkladan\u00e1 pr\u00e1ca pojedn\u00e1va o ekonomickom a ekologickom dopade moderniz\u00e1cie dopravy so zrete\u013eom na \u017eivotn\u00e9 prostredie. V s\u00fa\u010dasnej dobe narast\u00e1 svetov\u00e1 popul\u00e1cia, d\u00f4sledkom \u010doho sa vyv\u00edja \u010doraz v\u00e4\u010d\u0161\u00ed tlak na moderniz\u00e1ciu stavebn\u00e9ho priemyslu. V\u00fdvoj nenapreduje iba v stavenej technike, ale neobi\u0161iel ani stavebn\u00e9 materi\u00e1ly, \u010di technol\u00f3giu. Tento trend mo\u017eno pozorova\u0165 v\u0161ade v\u00f4kol n\u00e1s. [&hellip;]\" \/>\n<meta property=\"og:url\" content=\"https:\/\/www.festivalvedy.sk\/wp2\/recyklacia-stavebnych-materialov\/\" \/>\n<meta property=\"og:site_name\" content=\"Festival vedy a techniky AMAVET\" \/>\n<meta property=\"article:published_time\" content=\"2019-09-18T10:45:41+00:00\" \/>\n<meta name=\"author\" content=\"Redakcia\" \/>\n<meta name=\"twitter:card\" content=\"summary_large_image\" \/>\n<meta name=\"twitter:label1\" content=\"Autor\" \/>\n\t<meta name=\"twitter:data1\" content=\"Redakcia\" \/>\n\t<meta name=\"twitter:label2\" content=\"Predpokladan\u00fd \u010das \u010d\u00edtania\" \/>\n\t<meta name=\"twitter:data2\" content=\"1 min\u00fata\" \/>\n<script type=\"application\/ld+json\" class=\"yoast-schema-graph\">{\"@context\":\"https:\/\/schema.org\",\"@graph\":[{\"@type\":\"Article\",\"@id\":\"https:\/\/www.festivalvedy.sk\/wp2\/recyklacia-stavebnych-materialov\/#article\",\"isPartOf\":{\"@id\":\"https:\/\/www.festivalvedy.sk\/wp2\/recyklacia-stavebnych-materialov\/\"},\"author\":{\"name\":\"Redakcia\",\"@id\":\"https:\/\/www.festivalvedy.sk\/wp2\/#\/schema\/person\/f6c2e17170a626260fe38db97ed0a1f5\"},\"headline\":\"Recykl\u00e1cia stavebn\u00fdch materi\u00e1lov\",\"datePublished\":\"2019-09-18T10:45:41+00:00\",\"mainEntityOfPage\":{\"@id\":\"https:\/\/www.festivalvedy.sk\/wp2\/recyklacia-stavebnych-materialov\/\"},\"wordCount\":205,\"commentCount\":0,\"publisher\":{\"@id\":\"https:\/\/www.festivalvedy.sk\/wp2\/#organization\"},\"keywords\":[\"2019\",\"Environment\u00e1lne vedy\"],\"articleSection\":[\"Arch\u00edv 2018\",\"Environment\u00e1lne vedy\"],\"inLanguage\":\"sk-SK\"},{\"@type\":\"WebPage\",\"@id\":\"https:\/\/www.festivalvedy.sk\/wp2\/recyklacia-stavebnych-materialov\/\",\"url\":\"https:\/\/www.festivalvedy.sk\/wp2\/recyklacia-stavebnych-materialov\/\",\"name\":\"Recykl\u00e1cia stavebn\u00fdch materi\u00e1lov - Festival vedy a techniky AMAVET\",\"isPartOf\":{\"@id\":\"https:\/\/www.festivalvedy.sk\/wp2\/#website\"},\"datePublished\":\"2019-09-18T10:45:41+00:00\",\"breadcrumb\":{\"@id\":\"https:\/\/www.festivalvedy.sk\/wp2\/recyklacia-stavebnych-materialov\/#breadcrumb\"},\"inLanguage\":\"sk-SK\",\"potentialAction\":[{\"@type\":\"ReadAction\",\"target\":[\"https:\/\/www.festivalvedy.sk\/wp2\/recyklacia-stavebnych-materialov\/\"]}]},{\"@type\":\"BreadcrumbList\",\"@id\":\"https:\/\/www.festivalvedy.sk\/wp2\/recyklacia-stavebnych-materialov\/#breadcrumb\",\"itemListElement\":[{\"@type\":\"ListItem\",\"position\":1,\"name\":\"Home\",\"item\":\"https:\/\/www.festivalvedy.sk\/wp2\/\"},{\"@type\":\"ListItem\",\"position\":2,\"name\":\"Recykl\u00e1cia stavebn\u00fdch materi\u00e1lov\"}]},{\"@type\":\"WebSite\",\"@id\":\"https:\/\/www.festivalvedy.sk\/wp2\/#website\",\"url\":\"https:\/\/www.festivalvedy.sk\/wp2\/\",\"name\":\"Festival vedy a techniky AMAVET\",\"description\":\"AMAVET - Asoci\u00e1cia pre ml\u00e1de\u017e, vedu a techniku\",\"publisher\":{\"@id\":\"https:\/\/www.festivalvedy.sk\/wp2\/#organization\"},\"potentialAction\":[{\"@type\":\"SearchAction\",\"target\":{\"@type\":\"EntryPoint\",\"urlTemplate\":\"https:\/\/www.festivalvedy.sk\/wp2\/?s={search_term_string}\"},\"query-input\":{\"@type\":\"PropertyValueSpecification\",\"valueRequired\":true,\"valueName\":\"search_term_string\"}}],\"inLanguage\":\"sk-SK\"},{\"@type\":\"Organization\",\"@id\":\"https:\/\/www.festivalvedy.sk\/wp2\/#organization\",\"name\":\"Festival vedy a techniky AMAVET\",\"url\":\"https:\/\/www.festivalvedy.sk\/wp2\/\",\"logo\":{\"@type\":\"ImageObject\",\"inLanguage\":\"sk-SK\",\"@id\":\"https:\/\/www.festivalvedy.sk\/wp2\/#\/schema\/logo\/image\/\",\"url\":\"https:\/\/www.festivalvedy.sk\/wp2\/wp-content\/uploads\/2022\/02\/cropped-fvat-ochranna-zona.png\",\"contentUrl\":\"https:\/\/www.festivalvedy.sk\/wp2\/wp-content\/uploads\/2022\/02\/cropped-fvat-ochranna-zona.png\",\"width\":1190,\"height\":357,\"caption\":\"Festival vedy a techniky AMAVET\"},\"image\":{\"@id\":\"https:\/\/www.festivalvedy.sk\/wp2\/#\/schema\/logo\/image\/\"}},{\"@type\":\"Person\",\"@id\":\"https:\/\/www.festivalvedy.sk\/wp2\/#\/schema\/person\/f6c2e17170a626260fe38db97ed0a1f5\",\"name\":\"Redakcia\",\"image\":{\"@type\":\"ImageObject\",\"inLanguage\":\"sk-SK\",\"@id\":\"https:\/\/secure.gravatar.com\/avatar\/2f7c312d560e25e8eb59b6b53cadd5dc16b39f25bac1c7d0a221dafd9c91fae9?s=96&d=mm&r=g\",\"url\":\"https:\/\/secure.gravatar.com\/avatar\/2f7c312d560e25e8eb59b6b53cadd5dc16b39f25bac1c7d0a221dafd9c91fae9?s=96&d=mm&r=g\",\"contentUrl\":\"https:\/\/secure.gravatar.com\/avatar\/2f7c312d560e25e8eb59b6b53cadd5dc16b39f25bac1c7d0a221dafd9c91fae9?s=96&d=mm&r=g\",\"caption\":\"Redakcia\"},\"url\":\"https:\/\/www.festivalvedy.sk\/wp2\/author\/fvatadmin\/\"}]}<\/script>\n<!-- \/ Yoast SEO plugin. -->","yoast_head_json":{"title":"Recykl\u00e1cia stavebn\u00fdch materi\u00e1lov - Festival vedy a techniky AMAVET","robots":{"index":"index","follow":"follow","max-snippet":"max-snippet:-1","max-image-preview":"max-image-preview:large","max-video-preview":"max-video-preview:-1"},"canonical":"https:\/\/www.festivalvedy.sk\/wp2\/recyklacia-stavebnych-materialov\/","og_locale":"sk_SK","og_type":"article","og_title":"Recykl\u00e1cia stavebn\u00fdch materi\u00e1lov - Festival vedy a techniky AMAVET","og_description":"Autor\/autori: Jergu\u0161 \u0160evec Predkladan\u00e1 pr\u00e1ca pojedn\u00e1va o ekonomickom a ekologickom dopade moderniz\u00e1cie dopravy so zrete\u013eom na \u017eivotn\u00e9 prostredie. V s\u00fa\u010dasnej dobe narast\u00e1 svetov\u00e1 popul\u00e1cia, d\u00f4sledkom \u010doho sa vyv\u00edja \u010doraz v\u00e4\u010d\u0161\u00ed tlak na moderniz\u00e1ciu stavebn\u00e9ho priemyslu. V\u00fdvoj nenapreduje iba v stavenej technike, ale neobi\u0161iel ani stavebn\u00e9 materi\u00e1ly, \u010di technol\u00f3giu. Tento trend mo\u017eno pozorova\u0165 v\u0161ade v\u00f4kol n\u00e1s. [&hellip;]","og_url":"https:\/\/www.festivalvedy.sk\/wp2\/recyklacia-stavebnych-materialov\/","og_site_name":"Festival vedy a techniky AMAVET","article_published_time":"2019-09-18T10:45:41+00:00","author":"Redakcia","twitter_card":"summary_large_image","twitter_misc":{"Autor":"Redakcia","Predpokladan\u00fd \u010das \u010d\u00edtania":"1 min\u00fata"},"schema":{"@context":"https:\/\/schema.org","@graph":[{"@type":"Article","@id":"https:\/\/www.festivalvedy.sk\/wp2\/recyklacia-stavebnych-materialov\/#article","isPartOf":{"@id":"https:\/\/www.festivalvedy.sk\/wp2\/recyklacia-stavebnych-materialov\/"},"author":{"name":"Redakcia","@id":"https:\/\/www.festivalvedy.sk\/wp2\/#\/schema\/person\/f6c2e17170a626260fe38db97ed0a1f5"},"headline":"Recykl\u00e1cia stavebn\u00fdch materi\u00e1lov","datePublished":"2019-09-18T10:45:41+00:00","mainEntityOfPage":{"@id":"https:\/\/www.festivalvedy.sk\/wp2\/recyklacia-stavebnych-materialov\/"},"wordCount":205,"commentCount":0,"publisher":{"@id":"https:\/\/www.festivalvedy.sk\/wp2\/#organization"},"keywords":["2019","Environment\u00e1lne vedy"],"articleSection":["Arch\u00edv 2018","Environment\u00e1lne vedy"],"inLanguage":"sk-SK"},{"@type":"WebPage","@id":"https:\/\/www.festivalvedy.sk\/wp2\/recyklacia-stavebnych-materialov\/","url":"https:\/\/www.festivalvedy.sk\/wp2\/recyklacia-stavebnych-materialov\/","name":"Recykl\u00e1cia stavebn\u00fdch materi\u00e1lov - Festival vedy a techniky AMAVET","isPartOf":{"@id":"https:\/\/www.festivalvedy.sk\/wp2\/#website"},"datePublished":"2019-09-18T10:45:41+00:00","breadcrumb":{"@id":"https:\/\/www.festivalvedy.sk\/wp2\/recyklacia-stavebnych-materialov\/#breadcrumb"},"inLanguage":"sk-SK","potentialAction":[{"@type":"ReadAction","target":["https:\/\/www.festivalvedy.sk\/wp2\/recyklacia-stavebnych-materialov\/"]}]},{"@type":"BreadcrumbList","@id":"https:\/\/www.festivalvedy.sk\/wp2\/recyklacia-stavebnych-materialov\/#breadcrumb","itemListElement":[{"@type":"ListItem","position":1,"name":"Home","item":"https:\/\/www.festivalvedy.sk\/wp2\/"},{"@type":"ListItem","position":2,"name":"Recykl\u00e1cia stavebn\u00fdch materi\u00e1lov"}]},{"@type":"WebSite","@id":"https:\/\/www.festivalvedy.sk\/wp2\/#website","url":"https:\/\/www.festivalvedy.sk\/wp2\/","name":"Festival vedy a techniky AMAVET","description":"AMAVET - Asoci\u00e1cia pre ml\u00e1de\u017e, vedu a techniku","publisher":{"@id":"https:\/\/www.festivalvedy.sk\/wp2\/#organization"},"potentialAction":[{"@type":"SearchAction","target":{"@type":"EntryPoint","urlTemplate":"https:\/\/www.festivalvedy.sk\/wp2\/?s={search_term_string}"},"query-input":{"@type":"PropertyValueSpecification","valueRequired":true,"valueName":"search_term_string"}}],"inLanguage":"sk-SK"},{"@type":"Organization","@id":"https:\/\/www.festivalvedy.sk\/wp2\/#organization","name":"Festival vedy a techniky AMAVET","url":"https:\/\/www.festivalvedy.sk\/wp2\/","logo":{"@type":"ImageObject","inLanguage":"sk-SK","@id":"https:\/\/www.festivalvedy.sk\/wp2\/#\/schema\/logo\/image\/","url":"https:\/\/www.festivalvedy.sk\/wp2\/wp-content\/uploads\/2022\/02\/cropped-fvat-ochranna-zona.png","contentUrl":"https:\/\/www.festivalvedy.sk\/wp2\/wp-content\/uploads\/2022\/02\/cropped-fvat-ochranna-zona.png","width":1190,"height":357,"caption":"Festival vedy a techniky AMAVET"},"image":{"@id":"https:\/\/www.festivalvedy.sk\/wp2\/#\/schema\/logo\/image\/"}},{"@type":"Person","@id":"https:\/\/www.festivalvedy.sk\/wp2\/#\/schema\/person\/f6c2e17170a626260fe38db97ed0a1f5","name":"Redakcia","image":{"@type":"ImageObject","inLanguage":"sk-SK","@id":"https:\/\/secure.gravatar.com\/avatar\/2f7c312d560e25e8eb59b6b53cadd5dc16b39f25bac1c7d0a221dafd9c91fae9?s=96&d=mm&r=g","url":"https:\/\/secure.gravatar.com\/avatar\/2f7c312d560e25e8eb59b6b53cadd5dc16b39f25bac1c7d0a221dafd9c91fae9?s=96&d=mm&r=g","contentUrl":"https:\/\/secure.gravatar.com\/avatar\/2f7c312d560e25e8eb59b6b53cadd5dc16b39f25bac1c7d0a221dafd9c91fae9?s=96&d=mm&r=g","caption":"Redakcia"},"url":"https:\/\/www.festivalvedy.sk\/wp2\/author\/fvatadmin\/"}]}},"_links":{"self":[{"href":"https:\/\/www.festivalvedy.sk\/wp2\/wp-json\/wp\/v2\/posts\/870","targetHints":{"allow":["GET"]}}],"collection":[{"href":"https:\/\/www.festivalvedy.sk\/wp2\/wp-json\/wp\/v2\/posts"}],"about":[{"href":"https:\/\/www.festivalvedy.sk\/wp2\/wp-json\/wp\/v2\/types\/post"}],"author":[{"embeddable":true,"href":"https:\/\/www.festivalvedy.sk\/wp2\/wp-json\/wp\/v2\/users\/1"}],"replies":[{"embeddable":true,"href":"https:\/\/www.festivalvedy.sk\/wp2\/wp-json\/wp\/v2\/comments?post=870"}],"version-history":[{"count":0,"href":"https:\/\/www.festivalvedy.sk\/wp2\/wp-json\/wp\/v2\/posts\/870\/revisions"}],"wp:attachment":[{"href":"https:\/\/www.festivalvedy.sk\/wp2\/wp-json\/wp\/v2\/media?parent=870"}],"wp:term":[{"taxonomy":"category","embeddable":true,"href":"https:\/\/www.festivalvedy.sk\/wp2\/wp-json\/wp\/v2\/categories?post=870"},{"taxonomy":"post_tag","embeddable":true,"href":"https:\/\/www.festivalvedy.sk\/wp2\/wp-json\/wp\/v2\/tags?post=870"}],"curies":[{"name":"wp","href":"https:\/\/api.w.org\/{rel}","templated":true}]}}