{"id":871,"date":"2019-09-18T12:45:41","date_gmt":"2019-09-18T10:45:41","guid":{"rendered":"https:\/\/www.festivalvedy.sk\/wp2\/masmedialne-techniky-v-zivote-mladeho-cloveka\/"},"modified":"2019-09-18T12:45:41","modified_gmt":"2019-09-18T10:45:41","slug":"masmedialne-techniky-v-zivote-mladeho-cloveka","status":"publish","type":"post","link":"https:\/\/www.festivalvedy.sk\/wp2\/masmedialne-techniky-v-zivote-mladeho-cloveka\/","title":{"rendered":"Masmedi\u00e1lne techniky v \u017eivote mlad\u00e9ho \u010dloveka"},"content":{"rendered":"<p>Autor\/autori: Dominik Dur\u013e\u00e1k  <\/p>\n<p>Internet, masm\u00e9di\u00e1 \u010di soci\u00e1lne siete vo ve\u013ekej miere ovplyv\u0148uj\u00fa na\u0161u spolo\u010dnos\u0165 a s\u00fa u\u017e od \u00fatleho veku s\u00fa\u010das\u0165ou na\u0161ich \u017eivotov. Inform\u00e1cie h\u00fdbu svetom. Rastie v\u00fdznam nov\u00fdch technol\u00f3gii v \u017eivote mlad\u00fdch \u013eud\u00ed. Tento z\u00e1ujem autorov projektu o masmedi\u00e1lne technol\u00f3gie bol vyu\u017eit\u00fd aj na propag\u00e1ciu \u0161koly pri pr\u00edle\u017eitosti jej 50 v\u00fdro\u010dia zalo\u017eenia. V s\u00fa\u010dasnosti si \u0161tudenti vyberaj\u00fa stredn\u00fa \u0161kolu aj pod\u013ea jej oslovenia mlad\u00fdch \u013eud\u00ed v r\u00f4znych m\u00e9di\u00e1ch. Reklama teda prenikla aj do \u0161kolstva, u\u010debn\u00fdch osnov a vyu\u017eitia vo\u013en\u00e9ho \u010dasu mlad\u00fdmi \u013eu\u010fmi. Sp\u00f4sob propag\u00e1cie pop\u00edsan\u00fd v pr\u00e1ci patr\u00ed k umeleck\u00fdm tvoriv\u00fdm \u010dinnostiam pri tvorbe videa, grafiky, propaga\u010dn\u00fdch materi\u00e1lov. V\u00fdsledkom projektu s\u00fa fotografie, vide\u00e1 i kr\u00e1tke filmy na r\u00f4zne t\u00e9my, mnoh\u00e9 z nich s\u00favisia s oblas\u0165ou dopravy , najm\u00e4 \u017eelezni\u010dnou, ktor\u00e1 od z\u00e1\u013euby o \u017eelezni\u010dn\u00e9 model\u00e1rstvo priviedla autorov a\u017e ku \u0161t\u00fadiu na SP\u0160 dopravnej v Ko\u0161iciach.<\/p>\n","protected":false},"excerpt":{"rendered":"<p>Autor\/autori: Dominik Dur\u013e\u00e1k Internet, masm\u00e9di\u00e1 \u010di soci\u00e1lne siete vo ve\u013ekej miere ovplyv\u0148uj\u00fa na\u0161u spolo\u010dnos\u0165 a s\u00fa u\u017e od \u00fatleho veku s\u00fa\u010das\u0165ou na\u0161ich \u017eivotov. Inform\u00e1cie h\u00fdbu svetom. Rastie v\u00fdznam nov\u00fdch technol\u00f3gii v \u017eivote mlad\u00fdch \u013eud\u00ed. Tento z\u00e1ujem autorov projektu o masmedi\u00e1lne technol\u00f3gie bol vyu\u017eit\u00fd aj na propag\u00e1ciu \u0161koly pri pr\u00edle\u017eitosti jej 50 v\u00fdro\u010dia zalo\u017eenia. V s\u00fa\u010dasnosti [&hellip;]<\/p>\n","protected":false},"author":1,"featured_media":0,"comment_status":"open","ping_status":"open","sticky":false,"template":"","format":"standard","meta":{"om_disable_all_campaigns":false,"_monsterinsights_skip_tracking":false,"_monsterinsights_sitenote_active":false,"_monsterinsights_sitenote_note":"","_monsterinsights_sitenote_category":0,"_uf_show_specific_survey":0,"_uf_disable_surveys":false,"footnotes":""},"categories":[6,26],"tags":[8,27],"class_list":["post-871","post","type-post","status-publish","format-standard","hentry","category-6","category-spolocenske-vedy","tag-8","tag-spolocenske-vedy"],"yoast_head":"<!-- This site is optimized with the Yoast SEO plugin v27.2 - https:\/\/yoast.com\/product\/yoast-seo-wordpress\/ -->\n<title>Masmedi\u00e1lne techniky v \u017eivote mlad\u00e9ho \u010dloveka - Festival vedy a techniky AMAVET<\/title>\n<meta name=\"robots\" content=\"index, follow, max-snippet:-1, max-image-preview:large, max-video-preview:-1\" \/>\n<link rel=\"canonical\" href=\"https:\/\/www.festivalvedy.sk\/wp2\/masmedialne-techniky-v-zivote-mladeho-cloveka\/\" \/>\n<meta property=\"og:locale\" content=\"sk_SK\" \/>\n<meta property=\"og:type\" content=\"article\" \/>\n<meta property=\"og:title\" content=\"Masmedi\u00e1lne techniky v \u017eivote mlad\u00e9ho \u010dloveka - Festival vedy a techniky AMAVET\" \/>\n<meta property=\"og:description\" content=\"Autor\/autori: Dominik Dur\u013e\u00e1k Internet, masm\u00e9di\u00e1 \u010di soci\u00e1lne siete vo ve\u013ekej miere ovplyv\u0148uj\u00fa na\u0161u spolo\u010dnos\u0165 a s\u00fa u\u017e od \u00fatleho veku s\u00fa\u010das\u0165ou na\u0161ich \u017eivotov. Inform\u00e1cie h\u00fdbu svetom. Rastie v\u00fdznam nov\u00fdch technol\u00f3gii v \u017eivote mlad\u00fdch \u013eud\u00ed. Tento z\u00e1ujem autorov projektu o masmedi\u00e1lne technol\u00f3gie bol vyu\u017eit\u00fd aj na propag\u00e1ciu \u0161koly pri pr\u00edle\u017eitosti jej 50 v\u00fdro\u010dia zalo\u017eenia. V s\u00fa\u010dasnosti [&hellip;]\" \/>\n<meta property=\"og:url\" content=\"https:\/\/www.festivalvedy.sk\/wp2\/masmedialne-techniky-v-zivote-mladeho-cloveka\/\" \/>\n<meta property=\"og:site_name\" content=\"Festival vedy a techniky AMAVET\" \/>\n<meta property=\"article:published_time\" content=\"2019-09-18T10:45:41+00:00\" \/>\n<meta name=\"author\" content=\"Redakcia\" \/>\n<meta name=\"twitter:card\" content=\"summary_large_image\" \/>\n<meta name=\"twitter:label1\" content=\"Autor\" \/>\n\t<meta name=\"twitter:data1\" content=\"Redakcia\" \/>\n\t<meta name=\"twitter:label2\" content=\"Predpokladan\u00fd \u010das \u010d\u00edtania\" \/>\n\t<meta name=\"twitter:data2\" content=\"1 min\u00fata\" \/>\n<script type=\"application\/ld+json\" class=\"yoast-schema-graph\">{\"@context\":\"https:\/\/schema.org\",\"@graph\":[{\"@type\":\"Article\",\"@id\":\"https:\/\/www.festivalvedy.sk\/wp2\/masmedialne-techniky-v-zivote-mladeho-cloveka\/#article\",\"isPartOf\":{\"@id\":\"https:\/\/www.festivalvedy.sk\/wp2\/masmedialne-techniky-v-zivote-mladeho-cloveka\/\"},\"author\":{\"name\":\"Redakcia\",\"@id\":\"https:\/\/www.festivalvedy.sk\/wp2\/#\/schema\/person\/f6c2e17170a626260fe38db97ed0a1f5\"},\"headline\":\"Masmedi\u00e1lne techniky v \u017eivote mlad\u00e9ho \u010dloveka\",\"datePublished\":\"2019-09-18T10:45:41+00:00\",\"mainEntityOfPage\":{\"@id\":\"https:\/\/www.festivalvedy.sk\/wp2\/masmedialne-techniky-v-zivote-mladeho-cloveka\/\"},\"wordCount\":203,\"commentCount\":0,\"publisher\":{\"@id\":\"https:\/\/www.festivalvedy.sk\/wp2\/#organization\"},\"keywords\":[\"2019\",\"Spolo\u010densk\u00e9 vedy\"],\"articleSection\":[\"Arch\u00edv 2018\",\"Spolo\u010densk\u00e9 vedy\"],\"inLanguage\":\"sk-SK\"},{\"@type\":\"WebPage\",\"@id\":\"https:\/\/www.festivalvedy.sk\/wp2\/masmedialne-techniky-v-zivote-mladeho-cloveka\/\",\"url\":\"https:\/\/www.festivalvedy.sk\/wp2\/masmedialne-techniky-v-zivote-mladeho-cloveka\/\",\"name\":\"Masmedi\u00e1lne techniky v \u017eivote mlad\u00e9ho \u010dloveka - Festival vedy a techniky AMAVET\",\"isPartOf\":{\"@id\":\"https:\/\/www.festivalvedy.sk\/wp2\/#website\"},\"datePublished\":\"2019-09-18T10:45:41+00:00\",\"breadcrumb\":{\"@id\":\"https:\/\/www.festivalvedy.sk\/wp2\/masmedialne-techniky-v-zivote-mladeho-cloveka\/#breadcrumb\"},\"inLanguage\":\"sk-SK\",\"potentialAction\":[{\"@type\":\"ReadAction\",\"target\":[\"https:\/\/www.festivalvedy.sk\/wp2\/masmedialne-techniky-v-zivote-mladeho-cloveka\/\"]}]},{\"@type\":\"BreadcrumbList\",\"@id\":\"https:\/\/www.festivalvedy.sk\/wp2\/masmedialne-techniky-v-zivote-mladeho-cloveka\/#breadcrumb\",\"itemListElement\":[{\"@type\":\"ListItem\",\"position\":1,\"name\":\"Home\",\"item\":\"https:\/\/www.festivalvedy.sk\/wp2\/\"},{\"@type\":\"ListItem\",\"position\":2,\"name\":\"Masmedi\u00e1lne techniky v \u017eivote mlad\u00e9ho \u010dloveka\"}]},{\"@type\":\"WebSite\",\"@id\":\"https:\/\/www.festivalvedy.sk\/wp2\/#website\",\"url\":\"https:\/\/www.festivalvedy.sk\/wp2\/\",\"name\":\"Festival vedy a techniky AMAVET\",\"description\":\"AMAVET - Asoci\u00e1cia pre ml\u00e1de\u017e, vedu a techniku\",\"publisher\":{\"@id\":\"https:\/\/www.festivalvedy.sk\/wp2\/#organization\"},\"potentialAction\":[{\"@type\":\"SearchAction\",\"target\":{\"@type\":\"EntryPoint\",\"urlTemplate\":\"https:\/\/www.festivalvedy.sk\/wp2\/?s={search_term_string}\"},\"query-input\":{\"@type\":\"PropertyValueSpecification\",\"valueRequired\":true,\"valueName\":\"search_term_string\"}}],\"inLanguage\":\"sk-SK\"},{\"@type\":\"Organization\",\"@id\":\"https:\/\/www.festivalvedy.sk\/wp2\/#organization\",\"name\":\"Festival vedy a techniky AMAVET\",\"url\":\"https:\/\/www.festivalvedy.sk\/wp2\/\",\"logo\":{\"@type\":\"ImageObject\",\"inLanguage\":\"sk-SK\",\"@id\":\"https:\/\/www.festivalvedy.sk\/wp2\/#\/schema\/logo\/image\/\",\"url\":\"https:\/\/www.festivalvedy.sk\/wp2\/wp-content\/uploads\/2022\/02\/cropped-fvat-ochranna-zona.png\",\"contentUrl\":\"https:\/\/www.festivalvedy.sk\/wp2\/wp-content\/uploads\/2022\/02\/cropped-fvat-ochranna-zona.png\",\"width\":1190,\"height\":357,\"caption\":\"Festival vedy a techniky AMAVET\"},\"image\":{\"@id\":\"https:\/\/www.festivalvedy.sk\/wp2\/#\/schema\/logo\/image\/\"}},{\"@type\":\"Person\",\"@id\":\"https:\/\/www.festivalvedy.sk\/wp2\/#\/schema\/person\/f6c2e17170a626260fe38db97ed0a1f5\",\"name\":\"Redakcia\",\"image\":{\"@type\":\"ImageObject\",\"inLanguage\":\"sk-SK\",\"@id\":\"https:\/\/secure.gravatar.com\/avatar\/2f7c312d560e25e8eb59b6b53cadd5dc16b39f25bac1c7d0a221dafd9c91fae9?s=96&d=mm&r=g\",\"url\":\"https:\/\/secure.gravatar.com\/avatar\/2f7c312d560e25e8eb59b6b53cadd5dc16b39f25bac1c7d0a221dafd9c91fae9?s=96&d=mm&r=g\",\"contentUrl\":\"https:\/\/secure.gravatar.com\/avatar\/2f7c312d560e25e8eb59b6b53cadd5dc16b39f25bac1c7d0a221dafd9c91fae9?s=96&d=mm&r=g\",\"caption\":\"Redakcia\"},\"url\":\"https:\/\/www.festivalvedy.sk\/wp2\/author\/fvatadmin\/\"}]}<\/script>\n<!-- \/ Yoast SEO plugin. -->","yoast_head_json":{"title":"Masmedi\u00e1lne techniky v \u017eivote mlad\u00e9ho \u010dloveka - Festival vedy a techniky AMAVET","robots":{"index":"index","follow":"follow","max-snippet":"max-snippet:-1","max-image-preview":"max-image-preview:large","max-video-preview":"max-video-preview:-1"},"canonical":"https:\/\/www.festivalvedy.sk\/wp2\/masmedialne-techniky-v-zivote-mladeho-cloveka\/","og_locale":"sk_SK","og_type":"article","og_title":"Masmedi\u00e1lne techniky v \u017eivote mlad\u00e9ho \u010dloveka - Festival vedy a techniky AMAVET","og_description":"Autor\/autori: Dominik Dur\u013e\u00e1k Internet, masm\u00e9di\u00e1 \u010di soci\u00e1lne siete vo ve\u013ekej miere ovplyv\u0148uj\u00fa na\u0161u spolo\u010dnos\u0165 a s\u00fa u\u017e od \u00fatleho veku s\u00fa\u010das\u0165ou na\u0161ich \u017eivotov. Inform\u00e1cie h\u00fdbu svetom. Rastie v\u00fdznam nov\u00fdch technol\u00f3gii v \u017eivote mlad\u00fdch \u013eud\u00ed. Tento z\u00e1ujem autorov projektu o masmedi\u00e1lne technol\u00f3gie bol vyu\u017eit\u00fd aj na propag\u00e1ciu \u0161koly pri pr\u00edle\u017eitosti jej 50 v\u00fdro\u010dia zalo\u017eenia. V s\u00fa\u010dasnosti [&hellip;]","og_url":"https:\/\/www.festivalvedy.sk\/wp2\/masmedialne-techniky-v-zivote-mladeho-cloveka\/","og_site_name":"Festival vedy a techniky AMAVET","article_published_time":"2019-09-18T10:45:41+00:00","author":"Redakcia","twitter_card":"summary_large_image","twitter_misc":{"Autor":"Redakcia","Predpokladan\u00fd \u010das \u010d\u00edtania":"1 min\u00fata"},"schema":{"@context":"https:\/\/schema.org","@graph":[{"@type":"Article","@id":"https:\/\/www.festivalvedy.sk\/wp2\/masmedialne-techniky-v-zivote-mladeho-cloveka\/#article","isPartOf":{"@id":"https:\/\/www.festivalvedy.sk\/wp2\/masmedialne-techniky-v-zivote-mladeho-cloveka\/"},"author":{"name":"Redakcia","@id":"https:\/\/www.festivalvedy.sk\/wp2\/#\/schema\/person\/f6c2e17170a626260fe38db97ed0a1f5"},"headline":"Masmedi\u00e1lne techniky v \u017eivote mlad\u00e9ho \u010dloveka","datePublished":"2019-09-18T10:45:41+00:00","mainEntityOfPage":{"@id":"https:\/\/www.festivalvedy.sk\/wp2\/masmedialne-techniky-v-zivote-mladeho-cloveka\/"},"wordCount":203,"commentCount":0,"publisher":{"@id":"https:\/\/www.festivalvedy.sk\/wp2\/#organization"},"keywords":["2019","Spolo\u010densk\u00e9 vedy"],"articleSection":["Arch\u00edv 2018","Spolo\u010densk\u00e9 vedy"],"inLanguage":"sk-SK"},{"@type":"WebPage","@id":"https:\/\/www.festivalvedy.sk\/wp2\/masmedialne-techniky-v-zivote-mladeho-cloveka\/","url":"https:\/\/www.festivalvedy.sk\/wp2\/masmedialne-techniky-v-zivote-mladeho-cloveka\/","name":"Masmedi\u00e1lne techniky v \u017eivote mlad\u00e9ho \u010dloveka - Festival vedy a techniky AMAVET","isPartOf":{"@id":"https:\/\/www.festivalvedy.sk\/wp2\/#website"},"datePublished":"2019-09-18T10:45:41+00:00","breadcrumb":{"@id":"https:\/\/www.festivalvedy.sk\/wp2\/masmedialne-techniky-v-zivote-mladeho-cloveka\/#breadcrumb"},"inLanguage":"sk-SK","potentialAction":[{"@type":"ReadAction","target":["https:\/\/www.festivalvedy.sk\/wp2\/masmedialne-techniky-v-zivote-mladeho-cloveka\/"]}]},{"@type":"BreadcrumbList","@id":"https:\/\/www.festivalvedy.sk\/wp2\/masmedialne-techniky-v-zivote-mladeho-cloveka\/#breadcrumb","itemListElement":[{"@type":"ListItem","position":1,"name":"Home","item":"https:\/\/www.festivalvedy.sk\/wp2\/"},{"@type":"ListItem","position":2,"name":"Masmedi\u00e1lne techniky v \u017eivote mlad\u00e9ho \u010dloveka"}]},{"@type":"WebSite","@id":"https:\/\/www.festivalvedy.sk\/wp2\/#website","url":"https:\/\/www.festivalvedy.sk\/wp2\/","name":"Festival vedy a techniky AMAVET","description":"AMAVET - Asoci\u00e1cia pre ml\u00e1de\u017e, vedu a techniku","publisher":{"@id":"https:\/\/www.festivalvedy.sk\/wp2\/#organization"},"potentialAction":[{"@type":"SearchAction","target":{"@type":"EntryPoint","urlTemplate":"https:\/\/www.festivalvedy.sk\/wp2\/?s={search_term_string}"},"query-input":{"@type":"PropertyValueSpecification","valueRequired":true,"valueName":"search_term_string"}}],"inLanguage":"sk-SK"},{"@type":"Organization","@id":"https:\/\/www.festivalvedy.sk\/wp2\/#organization","name":"Festival vedy a techniky AMAVET","url":"https:\/\/www.festivalvedy.sk\/wp2\/","logo":{"@type":"ImageObject","inLanguage":"sk-SK","@id":"https:\/\/www.festivalvedy.sk\/wp2\/#\/schema\/logo\/image\/","url":"https:\/\/www.festivalvedy.sk\/wp2\/wp-content\/uploads\/2022\/02\/cropped-fvat-ochranna-zona.png","contentUrl":"https:\/\/www.festivalvedy.sk\/wp2\/wp-content\/uploads\/2022\/02\/cropped-fvat-ochranna-zona.png","width":1190,"height":357,"caption":"Festival vedy a techniky AMAVET"},"image":{"@id":"https:\/\/www.festivalvedy.sk\/wp2\/#\/schema\/logo\/image\/"}},{"@type":"Person","@id":"https:\/\/www.festivalvedy.sk\/wp2\/#\/schema\/person\/f6c2e17170a626260fe38db97ed0a1f5","name":"Redakcia","image":{"@type":"ImageObject","inLanguage":"sk-SK","@id":"https:\/\/secure.gravatar.com\/avatar\/2f7c312d560e25e8eb59b6b53cadd5dc16b39f25bac1c7d0a221dafd9c91fae9?s=96&d=mm&r=g","url":"https:\/\/secure.gravatar.com\/avatar\/2f7c312d560e25e8eb59b6b53cadd5dc16b39f25bac1c7d0a221dafd9c91fae9?s=96&d=mm&r=g","contentUrl":"https:\/\/secure.gravatar.com\/avatar\/2f7c312d560e25e8eb59b6b53cadd5dc16b39f25bac1c7d0a221dafd9c91fae9?s=96&d=mm&r=g","caption":"Redakcia"},"url":"https:\/\/www.festivalvedy.sk\/wp2\/author\/fvatadmin\/"}]}},"_links":{"self":[{"href":"https:\/\/www.festivalvedy.sk\/wp2\/wp-json\/wp\/v2\/posts\/871","targetHints":{"allow":["GET"]}}],"collection":[{"href":"https:\/\/www.festivalvedy.sk\/wp2\/wp-json\/wp\/v2\/posts"}],"about":[{"href":"https:\/\/www.festivalvedy.sk\/wp2\/wp-json\/wp\/v2\/types\/post"}],"author":[{"embeddable":true,"href":"https:\/\/www.festivalvedy.sk\/wp2\/wp-json\/wp\/v2\/users\/1"}],"replies":[{"embeddable":true,"href":"https:\/\/www.festivalvedy.sk\/wp2\/wp-json\/wp\/v2\/comments?post=871"}],"version-history":[{"count":0,"href":"https:\/\/www.festivalvedy.sk\/wp2\/wp-json\/wp\/v2\/posts\/871\/revisions"}],"wp:attachment":[{"href":"https:\/\/www.festivalvedy.sk\/wp2\/wp-json\/wp\/v2\/media?parent=871"}],"wp:term":[{"taxonomy":"category","embeddable":true,"href":"https:\/\/www.festivalvedy.sk\/wp2\/wp-json\/wp\/v2\/categories?post=871"},{"taxonomy":"post_tag","embeddable":true,"href":"https:\/\/www.festivalvedy.sk\/wp2\/wp-json\/wp\/v2\/tags?post=871"}],"curies":[{"name":"wp","href":"https:\/\/api.w.org\/{rel}","templated":true}]}}