{"id":874,"date":"2019-09-18T12:45:41","date_gmt":"2019-09-18T10:45:41","guid":{"rendered":"https:\/\/www.festivalvedy.sk\/wp2\/ontogeneticky-rast-a-pohlavny-dimorfizmus-fosilnych-zabich-krabov-spisa\/"},"modified":"2019-09-18T12:45:41","modified_gmt":"2019-09-18T10:45:41","slug":"ontogeneticky-rast-a-pohlavny-dimorfizmus-fosilnych-zabich-krabov-spisa","status":"publish","type":"post","link":"https:\/\/www.festivalvedy.sk\/wp2\/ontogeneticky-rast-a-pohlavny-dimorfizmus-fosilnych-zabich-krabov-spisa\/","title":{"rendered":"Ontogenetick\u00fd rast a pohlavn\u00fd dimorfizmus fos\u00edlnych \u017eab\u00edch krabov Spi\u0161a"},"content":{"rendered":"<p>Autor\/autori: Adam Hete\u0161  <\/p>\n<p>Moja pr\u00e1ca je zameran\u00e1 na v\u00fdskum fos\u00edlnych krabov (k\u00f4rovce: rakovce: desa\u0165no\u017ece) z lomu \u010eurkovec, ktor\u00fd sa nach\u00e1dza v bl\u00edzkosti obce Spi\u0161sk\u00e9 Tom\u00e1\u0161ovce v okrese Spi\u0161sk\u00e1 Nov\u00e1 Ves (v\u00fdchodn\u00e9 Slovensko). Lokalita sa nach\u00e1dza v Horn\u00e1dskej kotline, kde vystupuj\u00fa vrstvy borovsk\u00e9ho s\u00favrstvia, ktor\u00e9 vekom zara\u010fujeme do najvrchnej\u0161ieho eoc\u00e9nu (45 mil. r.). Hlavn\u00fdm cie\u013eom pr\u00e1ce bolo ur\u010di\u0165 trend ontogenetick\u00e9ho rastu u vyhynut\u00fdch krabov Ranina haszlinskyi na z\u00e1klade pomerov d\u013a\u017eky a \u0161\u00edrky chrbtovej strany karapaxu a z\u00e1rove\u0148 zdokumentova\u0165 pohlavn\u00fd dimorfizmus u t\u00fdchto krabov. Analyzovan\u00fdch bolo 63 jedincov krabov. Fos\u00edlny materi\u00e1l som \u010diasto\u010dne zbieral s\u00e1m, v\u00e4\u010d\u0161ina vzoriek v\u0161ak bola zapo\u017ei\u010dan\u00e1 zo zbierok M\u00fazea Spi\u0161a v Spi\u0161skej Novej Vsi a Katedry geol\u00f3gie a paleontol\u00f3gie Pr\u00edrodovedeckej fakulty Univerzity Komensk\u00e9ho v Bratislave. \u00dadaje zah\u0155\u0148ali skuto\u010dne odmeran\u00e9 a extrapolovan\u00e9 hodnoty. Vytvoren\u00e9 grafy z\u00e1vislosti vykazovali line\u00e1rnu z\u00e1vislos\u0165 vypo\u010d\u00edtan\u00fdch pomerov u oboch pohlav\u00ed krabov. Hoci pohlavn\u00fd dimorfizmus nebolo mo\u017en\u00e9 preuk\u00e1za\u0165 v odli\u0161nom raste karapaxu, pohlavie sa d\u00e1 ur\u010di\u0165 na z\u00e1klade tvaru zado\u010dka. Pri porovnan\u00ed fos\u00edlnych vzoriek so vzorkami s\u00fa\u010dasn\u00e9ho kraba druhu Ranina ranina bolo pohlavie ur\u010dovan\u00e9 pod\u013ea tvaru zado\u010dka, ktor\u00fd je u sami\u010diek \u0161ir\u0161\u00ed. Z anal\u00fdzy vyplynulo, \u017ee na lokalite sa nach\u00e1dzaj\u00fa dva morfotypy \u0161tudovan\u00fdch krabov, ktor\u00e9 sa l\u00ed\u0161ia tvarom anterolater\u00e1lnych t\u0155\u0148ov nach\u00e1dzaj\u00facich sa na prednej \u010dasti karapaxu. Morfotypy boli priraden\u00e9 k pohlaviam: vonkaj\u0161\u00ed anterolater\u00e1lny t\u0155\u0148 u sam\u010dekov pozost\u00e1val z troch lalokov, zatia\u013e \u010do u sami\u010diek iba z dvoch.<\/p>\n","protected":false},"excerpt":{"rendered":"<p>Autor\/autori: Adam Hete\u0161 Moja pr\u00e1ca je zameran\u00e1 na v\u00fdskum fos\u00edlnych krabov (k\u00f4rovce: rakovce: desa\u0165no\u017ece) z lomu \u010eurkovec, ktor\u00fd sa nach\u00e1dza v bl\u00edzkosti obce Spi\u0161sk\u00e9 Tom\u00e1\u0161ovce v okrese Spi\u0161sk\u00e1 Nov\u00e1 Ves (v\u00fdchodn\u00e9 Slovensko). Lokalita sa nach\u00e1dza v Horn\u00e1dskej kotline, kde vystupuj\u00fa vrstvy borovsk\u00e9ho s\u00favrstvia, ktor\u00e9 vekom zara\u010fujeme do najvrchnej\u0161ieho eoc\u00e9nu (45 mil. r.). Hlavn\u00fdm cie\u013eom pr\u00e1ce [&hellip;]<\/p>\n","protected":false},"author":1,"featured_media":0,"comment_status":"open","ping_status":"open","sticky":false,"template":"","format":"standard","meta":{"om_disable_all_campaigns":false,"_monsterinsights_skip_tracking":false,"_monsterinsights_sitenote_active":false,"_monsterinsights_sitenote_note":"","_monsterinsights_sitenote_category":0,"_uf_show_specific_survey":0,"_uf_disable_surveys":false,"footnotes":""},"categories":[6,24],"tags":[8,25],"class_list":["post-874","post","type-post","status-publish","format-standard","hentry","category-6","category-geovedy","tag-8","tag-geovedy"],"yoast_head":"<!-- This site is optimized with the Yoast SEO plugin v27.2 - https:\/\/yoast.com\/product\/yoast-seo-wordpress\/ -->\n<title>Ontogenetick\u00fd rast a pohlavn\u00fd dimorfizmus fos\u00edlnych \u017eab\u00edch krabov Spi\u0161a - Festival vedy a techniky AMAVET<\/title>\n<meta name=\"robots\" content=\"index, follow, max-snippet:-1, max-image-preview:large, max-video-preview:-1\" \/>\n<link rel=\"canonical\" href=\"https:\/\/www.festivalvedy.sk\/wp2\/ontogeneticky-rast-a-pohlavny-dimorfizmus-fosilnych-zabich-krabov-spisa\/\" \/>\n<meta property=\"og:locale\" content=\"sk_SK\" \/>\n<meta property=\"og:type\" content=\"article\" \/>\n<meta property=\"og:title\" content=\"Ontogenetick\u00fd rast a pohlavn\u00fd dimorfizmus fos\u00edlnych \u017eab\u00edch krabov Spi\u0161a - Festival vedy a techniky AMAVET\" \/>\n<meta property=\"og:description\" content=\"Autor\/autori: Adam Hete\u0161 Moja pr\u00e1ca je zameran\u00e1 na v\u00fdskum fos\u00edlnych krabov (k\u00f4rovce: rakovce: desa\u0165no\u017ece) z lomu \u010eurkovec, ktor\u00fd sa nach\u00e1dza v bl\u00edzkosti obce Spi\u0161sk\u00e9 Tom\u00e1\u0161ovce v okrese Spi\u0161sk\u00e1 Nov\u00e1 Ves (v\u00fdchodn\u00e9 Slovensko). Lokalita sa nach\u00e1dza v Horn\u00e1dskej kotline, kde vystupuj\u00fa vrstvy borovsk\u00e9ho s\u00favrstvia, ktor\u00e9 vekom zara\u010fujeme do najvrchnej\u0161ieho eoc\u00e9nu (45 mil. r.). Hlavn\u00fdm cie\u013eom pr\u00e1ce [&hellip;]\" \/>\n<meta property=\"og:url\" content=\"https:\/\/www.festivalvedy.sk\/wp2\/ontogeneticky-rast-a-pohlavny-dimorfizmus-fosilnych-zabich-krabov-spisa\/\" \/>\n<meta property=\"og:site_name\" content=\"Festival vedy a techniky AMAVET\" \/>\n<meta property=\"article:published_time\" content=\"2019-09-18T10:45:41+00:00\" \/>\n<meta name=\"author\" content=\"Redakcia\" \/>\n<meta name=\"twitter:card\" content=\"summary_large_image\" \/>\n<meta name=\"twitter:label1\" content=\"Autor\" \/>\n\t<meta name=\"twitter:data1\" content=\"Redakcia\" \/>\n\t<meta name=\"twitter:label2\" content=\"Predpokladan\u00fd \u010das \u010d\u00edtania\" \/>\n\t<meta name=\"twitter:data2\" content=\"1 min\u00fata\" \/>\n<script type=\"application\/ld+json\" class=\"yoast-schema-graph\">{\"@context\":\"https:\/\/schema.org\",\"@graph\":[{\"@type\":\"Article\",\"@id\":\"https:\/\/www.festivalvedy.sk\/wp2\/ontogeneticky-rast-a-pohlavny-dimorfizmus-fosilnych-zabich-krabov-spisa\/#article\",\"isPartOf\":{\"@id\":\"https:\/\/www.festivalvedy.sk\/wp2\/ontogeneticky-rast-a-pohlavny-dimorfizmus-fosilnych-zabich-krabov-spisa\/\"},\"author\":{\"name\":\"Redakcia\",\"@id\":\"https:\/\/www.festivalvedy.sk\/wp2\/#\/schema\/person\/f6c2e17170a626260fe38db97ed0a1f5\"},\"headline\":\"Ontogenetick\u00fd rast a pohlavn\u00fd dimorfizmus fos\u00edlnych \u017eab\u00edch krabov Spi\u0161a\",\"datePublished\":\"2019-09-18T10:45:41+00:00\",\"mainEntityOfPage\":{\"@id\":\"https:\/\/www.festivalvedy.sk\/wp2\/ontogeneticky-rast-a-pohlavny-dimorfizmus-fosilnych-zabich-krabov-spisa\/\"},\"wordCount\":309,\"commentCount\":0,\"publisher\":{\"@id\":\"https:\/\/www.festivalvedy.sk\/wp2\/#organization\"},\"keywords\":[\"2019\",\"Geovedy\"],\"articleSection\":[\"Arch\u00edv 2018\",\"Geovedy\"],\"inLanguage\":\"sk-SK\"},{\"@type\":\"WebPage\",\"@id\":\"https:\/\/www.festivalvedy.sk\/wp2\/ontogeneticky-rast-a-pohlavny-dimorfizmus-fosilnych-zabich-krabov-spisa\/\",\"url\":\"https:\/\/www.festivalvedy.sk\/wp2\/ontogeneticky-rast-a-pohlavny-dimorfizmus-fosilnych-zabich-krabov-spisa\/\",\"name\":\"Ontogenetick\u00fd rast a pohlavn\u00fd dimorfizmus fos\u00edlnych \u017eab\u00edch krabov Spi\u0161a - Festival vedy a techniky AMAVET\",\"isPartOf\":{\"@id\":\"https:\/\/www.festivalvedy.sk\/wp2\/#website\"},\"datePublished\":\"2019-09-18T10:45:41+00:00\",\"breadcrumb\":{\"@id\":\"https:\/\/www.festivalvedy.sk\/wp2\/ontogeneticky-rast-a-pohlavny-dimorfizmus-fosilnych-zabich-krabov-spisa\/#breadcrumb\"},\"inLanguage\":\"sk-SK\",\"potentialAction\":[{\"@type\":\"ReadAction\",\"target\":[\"https:\/\/www.festivalvedy.sk\/wp2\/ontogeneticky-rast-a-pohlavny-dimorfizmus-fosilnych-zabich-krabov-spisa\/\"]}]},{\"@type\":\"BreadcrumbList\",\"@id\":\"https:\/\/www.festivalvedy.sk\/wp2\/ontogeneticky-rast-a-pohlavny-dimorfizmus-fosilnych-zabich-krabov-spisa\/#breadcrumb\",\"itemListElement\":[{\"@type\":\"ListItem\",\"position\":1,\"name\":\"Home\",\"item\":\"https:\/\/www.festivalvedy.sk\/wp2\/\"},{\"@type\":\"ListItem\",\"position\":2,\"name\":\"Ontogenetick\u00fd rast a pohlavn\u00fd dimorfizmus fos\u00edlnych \u017eab\u00edch krabov Spi\u0161a\"}]},{\"@type\":\"WebSite\",\"@id\":\"https:\/\/www.festivalvedy.sk\/wp2\/#website\",\"url\":\"https:\/\/www.festivalvedy.sk\/wp2\/\",\"name\":\"Festival vedy a techniky AMAVET\",\"description\":\"AMAVET - Asoci\u00e1cia pre ml\u00e1de\u017e, vedu a techniku\",\"publisher\":{\"@id\":\"https:\/\/www.festivalvedy.sk\/wp2\/#organization\"},\"potentialAction\":[{\"@type\":\"SearchAction\",\"target\":{\"@type\":\"EntryPoint\",\"urlTemplate\":\"https:\/\/www.festivalvedy.sk\/wp2\/?s={search_term_string}\"},\"query-input\":{\"@type\":\"PropertyValueSpecification\",\"valueRequired\":true,\"valueName\":\"search_term_string\"}}],\"inLanguage\":\"sk-SK\"},{\"@type\":\"Organization\",\"@id\":\"https:\/\/www.festivalvedy.sk\/wp2\/#organization\",\"name\":\"Festival vedy a techniky AMAVET\",\"url\":\"https:\/\/www.festivalvedy.sk\/wp2\/\",\"logo\":{\"@type\":\"ImageObject\",\"inLanguage\":\"sk-SK\",\"@id\":\"https:\/\/www.festivalvedy.sk\/wp2\/#\/schema\/logo\/image\/\",\"url\":\"https:\/\/www.festivalvedy.sk\/wp2\/wp-content\/uploads\/2022\/02\/cropped-fvat-ochranna-zona.png\",\"contentUrl\":\"https:\/\/www.festivalvedy.sk\/wp2\/wp-content\/uploads\/2022\/02\/cropped-fvat-ochranna-zona.png\",\"width\":1190,\"height\":357,\"caption\":\"Festival vedy a techniky AMAVET\"},\"image\":{\"@id\":\"https:\/\/www.festivalvedy.sk\/wp2\/#\/schema\/logo\/image\/\"}},{\"@type\":\"Person\",\"@id\":\"https:\/\/www.festivalvedy.sk\/wp2\/#\/schema\/person\/f6c2e17170a626260fe38db97ed0a1f5\",\"name\":\"Redakcia\",\"image\":{\"@type\":\"ImageObject\",\"inLanguage\":\"sk-SK\",\"@id\":\"https:\/\/secure.gravatar.com\/avatar\/2f7c312d560e25e8eb59b6b53cadd5dc16b39f25bac1c7d0a221dafd9c91fae9?s=96&d=mm&r=g\",\"url\":\"https:\/\/secure.gravatar.com\/avatar\/2f7c312d560e25e8eb59b6b53cadd5dc16b39f25bac1c7d0a221dafd9c91fae9?s=96&d=mm&r=g\",\"contentUrl\":\"https:\/\/secure.gravatar.com\/avatar\/2f7c312d560e25e8eb59b6b53cadd5dc16b39f25bac1c7d0a221dafd9c91fae9?s=96&d=mm&r=g\",\"caption\":\"Redakcia\"},\"url\":\"https:\/\/www.festivalvedy.sk\/wp2\/author\/fvatadmin\/\"}]}<\/script>\n<!-- \/ Yoast SEO plugin. -->","yoast_head_json":{"title":"Ontogenetick\u00fd rast a pohlavn\u00fd dimorfizmus fos\u00edlnych \u017eab\u00edch krabov Spi\u0161a - Festival vedy a techniky AMAVET","robots":{"index":"index","follow":"follow","max-snippet":"max-snippet:-1","max-image-preview":"max-image-preview:large","max-video-preview":"max-video-preview:-1"},"canonical":"https:\/\/www.festivalvedy.sk\/wp2\/ontogeneticky-rast-a-pohlavny-dimorfizmus-fosilnych-zabich-krabov-spisa\/","og_locale":"sk_SK","og_type":"article","og_title":"Ontogenetick\u00fd rast a pohlavn\u00fd dimorfizmus fos\u00edlnych \u017eab\u00edch krabov Spi\u0161a - Festival vedy a techniky AMAVET","og_description":"Autor\/autori: Adam Hete\u0161 Moja pr\u00e1ca je zameran\u00e1 na v\u00fdskum fos\u00edlnych krabov (k\u00f4rovce: rakovce: desa\u0165no\u017ece) z lomu \u010eurkovec, ktor\u00fd sa nach\u00e1dza v bl\u00edzkosti obce Spi\u0161sk\u00e9 Tom\u00e1\u0161ovce v okrese Spi\u0161sk\u00e1 Nov\u00e1 Ves (v\u00fdchodn\u00e9 Slovensko). Lokalita sa nach\u00e1dza v Horn\u00e1dskej kotline, kde vystupuj\u00fa vrstvy borovsk\u00e9ho s\u00favrstvia, ktor\u00e9 vekom zara\u010fujeme do najvrchnej\u0161ieho eoc\u00e9nu (45 mil. r.). Hlavn\u00fdm cie\u013eom pr\u00e1ce [&hellip;]","og_url":"https:\/\/www.festivalvedy.sk\/wp2\/ontogeneticky-rast-a-pohlavny-dimorfizmus-fosilnych-zabich-krabov-spisa\/","og_site_name":"Festival vedy a techniky AMAVET","article_published_time":"2019-09-18T10:45:41+00:00","author":"Redakcia","twitter_card":"summary_large_image","twitter_misc":{"Autor":"Redakcia","Predpokladan\u00fd \u010das \u010d\u00edtania":"1 min\u00fata"},"schema":{"@context":"https:\/\/schema.org","@graph":[{"@type":"Article","@id":"https:\/\/www.festivalvedy.sk\/wp2\/ontogeneticky-rast-a-pohlavny-dimorfizmus-fosilnych-zabich-krabov-spisa\/#article","isPartOf":{"@id":"https:\/\/www.festivalvedy.sk\/wp2\/ontogeneticky-rast-a-pohlavny-dimorfizmus-fosilnych-zabich-krabov-spisa\/"},"author":{"name":"Redakcia","@id":"https:\/\/www.festivalvedy.sk\/wp2\/#\/schema\/person\/f6c2e17170a626260fe38db97ed0a1f5"},"headline":"Ontogenetick\u00fd rast a pohlavn\u00fd dimorfizmus fos\u00edlnych \u017eab\u00edch krabov Spi\u0161a","datePublished":"2019-09-18T10:45:41+00:00","mainEntityOfPage":{"@id":"https:\/\/www.festivalvedy.sk\/wp2\/ontogeneticky-rast-a-pohlavny-dimorfizmus-fosilnych-zabich-krabov-spisa\/"},"wordCount":309,"commentCount":0,"publisher":{"@id":"https:\/\/www.festivalvedy.sk\/wp2\/#organization"},"keywords":["2019","Geovedy"],"articleSection":["Arch\u00edv 2018","Geovedy"],"inLanguage":"sk-SK"},{"@type":"WebPage","@id":"https:\/\/www.festivalvedy.sk\/wp2\/ontogeneticky-rast-a-pohlavny-dimorfizmus-fosilnych-zabich-krabov-spisa\/","url":"https:\/\/www.festivalvedy.sk\/wp2\/ontogeneticky-rast-a-pohlavny-dimorfizmus-fosilnych-zabich-krabov-spisa\/","name":"Ontogenetick\u00fd rast a pohlavn\u00fd dimorfizmus fos\u00edlnych \u017eab\u00edch krabov Spi\u0161a - Festival vedy a techniky AMAVET","isPartOf":{"@id":"https:\/\/www.festivalvedy.sk\/wp2\/#website"},"datePublished":"2019-09-18T10:45:41+00:00","breadcrumb":{"@id":"https:\/\/www.festivalvedy.sk\/wp2\/ontogeneticky-rast-a-pohlavny-dimorfizmus-fosilnych-zabich-krabov-spisa\/#breadcrumb"},"inLanguage":"sk-SK","potentialAction":[{"@type":"ReadAction","target":["https:\/\/www.festivalvedy.sk\/wp2\/ontogeneticky-rast-a-pohlavny-dimorfizmus-fosilnych-zabich-krabov-spisa\/"]}]},{"@type":"BreadcrumbList","@id":"https:\/\/www.festivalvedy.sk\/wp2\/ontogeneticky-rast-a-pohlavny-dimorfizmus-fosilnych-zabich-krabov-spisa\/#breadcrumb","itemListElement":[{"@type":"ListItem","position":1,"name":"Home","item":"https:\/\/www.festivalvedy.sk\/wp2\/"},{"@type":"ListItem","position":2,"name":"Ontogenetick\u00fd rast a pohlavn\u00fd dimorfizmus fos\u00edlnych \u017eab\u00edch krabov Spi\u0161a"}]},{"@type":"WebSite","@id":"https:\/\/www.festivalvedy.sk\/wp2\/#website","url":"https:\/\/www.festivalvedy.sk\/wp2\/","name":"Festival vedy a techniky AMAVET","description":"AMAVET - Asoci\u00e1cia pre ml\u00e1de\u017e, vedu a techniku","publisher":{"@id":"https:\/\/www.festivalvedy.sk\/wp2\/#organization"},"potentialAction":[{"@type":"SearchAction","target":{"@type":"EntryPoint","urlTemplate":"https:\/\/www.festivalvedy.sk\/wp2\/?s={search_term_string}"},"query-input":{"@type":"PropertyValueSpecification","valueRequired":true,"valueName":"search_term_string"}}],"inLanguage":"sk-SK"},{"@type":"Organization","@id":"https:\/\/www.festivalvedy.sk\/wp2\/#organization","name":"Festival vedy a techniky AMAVET","url":"https:\/\/www.festivalvedy.sk\/wp2\/","logo":{"@type":"ImageObject","inLanguage":"sk-SK","@id":"https:\/\/www.festivalvedy.sk\/wp2\/#\/schema\/logo\/image\/","url":"https:\/\/www.festivalvedy.sk\/wp2\/wp-content\/uploads\/2022\/02\/cropped-fvat-ochranna-zona.png","contentUrl":"https:\/\/www.festivalvedy.sk\/wp2\/wp-content\/uploads\/2022\/02\/cropped-fvat-ochranna-zona.png","width":1190,"height":357,"caption":"Festival vedy a techniky AMAVET"},"image":{"@id":"https:\/\/www.festivalvedy.sk\/wp2\/#\/schema\/logo\/image\/"}},{"@type":"Person","@id":"https:\/\/www.festivalvedy.sk\/wp2\/#\/schema\/person\/f6c2e17170a626260fe38db97ed0a1f5","name":"Redakcia","image":{"@type":"ImageObject","inLanguage":"sk-SK","@id":"https:\/\/secure.gravatar.com\/avatar\/2f7c312d560e25e8eb59b6b53cadd5dc16b39f25bac1c7d0a221dafd9c91fae9?s=96&d=mm&r=g","url":"https:\/\/secure.gravatar.com\/avatar\/2f7c312d560e25e8eb59b6b53cadd5dc16b39f25bac1c7d0a221dafd9c91fae9?s=96&d=mm&r=g","contentUrl":"https:\/\/secure.gravatar.com\/avatar\/2f7c312d560e25e8eb59b6b53cadd5dc16b39f25bac1c7d0a221dafd9c91fae9?s=96&d=mm&r=g","caption":"Redakcia"},"url":"https:\/\/www.festivalvedy.sk\/wp2\/author\/fvatadmin\/"}]}},"_links":{"self":[{"href":"https:\/\/www.festivalvedy.sk\/wp2\/wp-json\/wp\/v2\/posts\/874","targetHints":{"allow":["GET"]}}],"collection":[{"href":"https:\/\/www.festivalvedy.sk\/wp2\/wp-json\/wp\/v2\/posts"}],"about":[{"href":"https:\/\/www.festivalvedy.sk\/wp2\/wp-json\/wp\/v2\/types\/post"}],"author":[{"embeddable":true,"href":"https:\/\/www.festivalvedy.sk\/wp2\/wp-json\/wp\/v2\/users\/1"}],"replies":[{"embeddable":true,"href":"https:\/\/www.festivalvedy.sk\/wp2\/wp-json\/wp\/v2\/comments?post=874"}],"version-history":[{"count":0,"href":"https:\/\/www.festivalvedy.sk\/wp2\/wp-json\/wp\/v2\/posts\/874\/revisions"}],"wp:attachment":[{"href":"https:\/\/www.festivalvedy.sk\/wp2\/wp-json\/wp\/v2\/media?parent=874"}],"wp:term":[{"taxonomy":"category","embeddable":true,"href":"https:\/\/www.festivalvedy.sk\/wp2\/wp-json\/wp\/v2\/categories?post=874"},{"taxonomy":"post_tag","embeddable":true,"href":"https:\/\/www.festivalvedy.sk\/wp2\/wp-json\/wp\/v2\/tags?post=874"}],"curies":[{"name":"wp","href":"https:\/\/api.w.org\/{rel}","templated":true}]}}