{"id":878,"date":"2019-09-18T12:45:41","date_gmt":"2019-09-18T10:45:41","guid":{"rendered":"https:\/\/www.festivalvedy.sk\/wp2\/zaujimavy-zivot-mravcov\/"},"modified":"2019-09-18T12:45:41","modified_gmt":"2019-09-18T10:45:41","slug":"zaujimavy-zivot-mravcov","status":"publish","type":"post","link":"https:\/\/www.festivalvedy.sk\/wp2\/zaujimavy-zivot-mravcov\/","title":{"rendered":"Zauj\u00edmav\u00fd \u017eivot mravcov"},"content":{"rendered":"<p>Autor\/autori: Peter Kraj\u010d\u00edk  <\/p>\n<p>Peter Kraj\u010d\u00edk: Zauj\u00edmav\u00fd \u017eivot mravcov<br \/>\nZ\u00e1kladn\u00e1 \u0161kola Tribe\u010dsk\u00e1 1653\/22, Topo\u013e\u010dany<\/p>\n<p>Projekt m\u00e1 pribl\u00ed\u017ei\u0165 \u017eivot mravcov, ktor\u00fd je ve\u013emi rozmanit\u00fd. Cie\u013eom projektu je pozorova\u0165 \u017eivot a stavbu tela, ale aj preferencie r\u00f4znych chut\u00ed mravcov. Pozoroval som konkr\u00e9tne mravenisko, ktor\u00e9 sa nach\u00e1dza na Duchonke (okres Topo\u013e\u010dany). Toto mravenisko som pozoroval v kr\u00e1tkych \u010dasov\u00fdch obdobiach viackr\u00e1t. Zameral som sa hlavne na zistenie preferenci\u00ed r\u00f4znych chut\u00ed mravcov. Na zistenie som vyu\u017eil jednoduch\u00fd pokus. Tento pokus pozost\u00e1va z toho, \u017ee na plastov\u00e9 taniere som rozlo\u017eil r\u00f4zne druhy potrav\u00edn, ako napr\u00edklad ovocie, zeleninu, so\u013e, cukor, med a \u010dili. Tieto taniere som potom pozoroval po pol hodine a zis\u0165oval, ako jednotliv\u00e9 chute l\u00e1kaj\u00fa mravce. Niektor\u00e9 potraviny mravce l\u00e1kali vo v\u00e4\u010d\u0161om mno\u017estve. Pri niektor\u00fdch som zistil, \u017ee ich dokonca a\u017e odpudzovali. In\u00e9 druhy boli pre mravce neutr\u00e1lne, nevyh\u00fdbali sa im ani ich nevyh\u013ead\u00e1vali.<\/p>\n<p>K\u013e\u00fa\u010dov\u00e9 slov\u00e1: mravce, potrava, stavba tela<\/p>\n","protected":false},"excerpt":{"rendered":"<p>Autor\/autori: Peter Kraj\u010d\u00edk Peter Kraj\u010d\u00edk: Zauj\u00edmav\u00fd \u017eivot mravcov Z\u00e1kladn\u00e1 \u0161kola Tribe\u010dsk\u00e1 1653\/22, Topo\u013e\u010dany Projekt m\u00e1 pribl\u00ed\u017ei\u0165 \u017eivot mravcov, ktor\u00fd je ve\u013emi rozmanit\u00fd. Cie\u013eom projektu je pozorova\u0165 \u017eivot a stavbu tela, ale aj preferencie r\u00f4znych chut\u00ed mravcov. Pozoroval som konkr\u00e9tne mravenisko, ktor\u00e9 sa nach\u00e1dza na Duchonke (okres Topo\u013e\u010dany). Toto mravenisko som pozoroval v kr\u00e1tkych \u010dasov\u00fdch obdobiach [&hellip;]<\/p>\n","protected":false},"author":1,"featured_media":0,"comment_status":"open","ping_status":"open","sticky":false,"template":"","format":"standard","meta":{"om_disable_all_campaigns":false,"_monsterinsights_skip_tracking":false,"_monsterinsights_sitenote_active":false,"_monsterinsights_sitenote_note":"","_monsterinsights_sitenote_category":0,"_uf_show_specific_survey":0,"_uf_disable_surveys":false,"footnotes":""},"categories":[6,12],"tags":[8,13],"class_list":["post-878","post","type-post","status-publish","format-standard","hentry","category-6","category-biologia","tag-8","tag-biologia"],"yoast_head":"<!-- This site is optimized with the Yoast SEO plugin v27.2 - https:\/\/yoast.com\/product\/yoast-seo-wordpress\/ -->\n<title>Zauj\u00edmav\u00fd \u017eivot mravcov - Festival vedy a techniky AMAVET<\/title>\n<meta name=\"robots\" content=\"index, follow, max-snippet:-1, max-image-preview:large, max-video-preview:-1\" \/>\n<link rel=\"canonical\" href=\"https:\/\/www.festivalvedy.sk\/wp2\/zaujimavy-zivot-mravcov\/\" \/>\n<meta property=\"og:locale\" content=\"sk_SK\" \/>\n<meta property=\"og:type\" content=\"article\" \/>\n<meta property=\"og:title\" content=\"Zauj\u00edmav\u00fd \u017eivot mravcov - Festival vedy a techniky AMAVET\" \/>\n<meta property=\"og:description\" content=\"Autor\/autori: Peter Kraj\u010d\u00edk Peter Kraj\u010d\u00edk: Zauj\u00edmav\u00fd \u017eivot mravcov Z\u00e1kladn\u00e1 \u0161kola Tribe\u010dsk\u00e1 1653\/22, Topo\u013e\u010dany Projekt m\u00e1 pribl\u00ed\u017ei\u0165 \u017eivot mravcov, ktor\u00fd je ve\u013emi rozmanit\u00fd. Cie\u013eom projektu je pozorova\u0165 \u017eivot a stavbu tela, ale aj preferencie r\u00f4znych chut\u00ed mravcov. Pozoroval som konkr\u00e9tne mravenisko, ktor\u00e9 sa nach\u00e1dza na Duchonke (okres Topo\u013e\u010dany). Toto mravenisko som pozoroval v kr\u00e1tkych \u010dasov\u00fdch obdobiach [&hellip;]\" \/>\n<meta property=\"og:url\" content=\"https:\/\/www.festivalvedy.sk\/wp2\/zaujimavy-zivot-mravcov\/\" \/>\n<meta property=\"og:site_name\" content=\"Festival vedy a techniky AMAVET\" \/>\n<meta property=\"article:published_time\" content=\"2019-09-18T10:45:41+00:00\" \/>\n<meta name=\"author\" content=\"Redakcia\" \/>\n<meta name=\"twitter:card\" content=\"summary_large_image\" \/>\n<meta name=\"twitter:label1\" content=\"Autor\" \/>\n\t<meta name=\"twitter:data1\" content=\"Redakcia\" \/>\n\t<meta name=\"twitter:label2\" content=\"Predpokladan\u00fd \u010das \u010d\u00edtania\" \/>\n\t<meta name=\"twitter:data2\" content=\"1 min\u00fata\" \/>\n<script type=\"application\/ld+json\" class=\"yoast-schema-graph\">{\"@context\":\"https:\/\/schema.org\",\"@graph\":[{\"@type\":\"Article\",\"@id\":\"https:\/\/www.festivalvedy.sk\/wp2\/zaujimavy-zivot-mravcov\/#article\",\"isPartOf\":{\"@id\":\"https:\/\/www.festivalvedy.sk\/wp2\/zaujimavy-zivot-mravcov\/\"},\"author\":{\"name\":\"Redakcia\",\"@id\":\"https:\/\/www.festivalvedy.sk\/wp2\/#\/schema\/person\/f6c2e17170a626260fe38db97ed0a1f5\"},\"headline\":\"Zauj\u00edmav\u00fd \u017eivot mravcov\",\"datePublished\":\"2019-09-18T10:45:41+00:00\",\"mainEntityOfPage\":{\"@id\":\"https:\/\/www.festivalvedy.sk\/wp2\/zaujimavy-zivot-mravcov\/\"},\"wordCount\":182,\"commentCount\":0,\"publisher\":{\"@id\":\"https:\/\/www.festivalvedy.sk\/wp2\/#organization\"},\"keywords\":[\"2019\",\"Biol\u00f3gia\"],\"articleSection\":[\"Arch\u00edv 2018\",\"Biol\u00f3gia\"],\"inLanguage\":\"sk-SK\"},{\"@type\":\"WebPage\",\"@id\":\"https:\/\/www.festivalvedy.sk\/wp2\/zaujimavy-zivot-mravcov\/\",\"url\":\"https:\/\/www.festivalvedy.sk\/wp2\/zaujimavy-zivot-mravcov\/\",\"name\":\"Zauj\u00edmav\u00fd \u017eivot mravcov - Festival vedy a techniky AMAVET\",\"isPartOf\":{\"@id\":\"https:\/\/www.festivalvedy.sk\/wp2\/#website\"},\"datePublished\":\"2019-09-18T10:45:41+00:00\",\"breadcrumb\":{\"@id\":\"https:\/\/www.festivalvedy.sk\/wp2\/zaujimavy-zivot-mravcov\/#breadcrumb\"},\"inLanguage\":\"sk-SK\",\"potentialAction\":[{\"@type\":\"ReadAction\",\"target\":[\"https:\/\/www.festivalvedy.sk\/wp2\/zaujimavy-zivot-mravcov\/\"]}]},{\"@type\":\"BreadcrumbList\",\"@id\":\"https:\/\/www.festivalvedy.sk\/wp2\/zaujimavy-zivot-mravcov\/#breadcrumb\",\"itemListElement\":[{\"@type\":\"ListItem\",\"position\":1,\"name\":\"Home\",\"item\":\"https:\/\/www.festivalvedy.sk\/wp2\/\"},{\"@type\":\"ListItem\",\"position\":2,\"name\":\"Zauj\u00edmav\u00fd \u017eivot mravcov\"}]},{\"@type\":\"WebSite\",\"@id\":\"https:\/\/www.festivalvedy.sk\/wp2\/#website\",\"url\":\"https:\/\/www.festivalvedy.sk\/wp2\/\",\"name\":\"Festival vedy a techniky AMAVET\",\"description\":\"AMAVET - Asoci\u00e1cia pre ml\u00e1de\u017e, vedu a techniku\",\"publisher\":{\"@id\":\"https:\/\/www.festivalvedy.sk\/wp2\/#organization\"},\"potentialAction\":[{\"@type\":\"SearchAction\",\"target\":{\"@type\":\"EntryPoint\",\"urlTemplate\":\"https:\/\/www.festivalvedy.sk\/wp2\/?s={search_term_string}\"},\"query-input\":{\"@type\":\"PropertyValueSpecification\",\"valueRequired\":true,\"valueName\":\"search_term_string\"}}],\"inLanguage\":\"sk-SK\"},{\"@type\":\"Organization\",\"@id\":\"https:\/\/www.festivalvedy.sk\/wp2\/#organization\",\"name\":\"Festival vedy a techniky AMAVET\",\"url\":\"https:\/\/www.festivalvedy.sk\/wp2\/\",\"logo\":{\"@type\":\"ImageObject\",\"inLanguage\":\"sk-SK\",\"@id\":\"https:\/\/www.festivalvedy.sk\/wp2\/#\/schema\/logo\/image\/\",\"url\":\"https:\/\/www.festivalvedy.sk\/wp2\/wp-content\/uploads\/2022\/02\/cropped-fvat-ochranna-zona.png\",\"contentUrl\":\"https:\/\/www.festivalvedy.sk\/wp2\/wp-content\/uploads\/2022\/02\/cropped-fvat-ochranna-zona.png\",\"width\":1190,\"height\":357,\"caption\":\"Festival vedy a techniky AMAVET\"},\"image\":{\"@id\":\"https:\/\/www.festivalvedy.sk\/wp2\/#\/schema\/logo\/image\/\"}},{\"@type\":\"Person\",\"@id\":\"https:\/\/www.festivalvedy.sk\/wp2\/#\/schema\/person\/f6c2e17170a626260fe38db97ed0a1f5\",\"name\":\"Redakcia\",\"image\":{\"@type\":\"ImageObject\",\"inLanguage\":\"sk-SK\",\"@id\":\"https:\/\/secure.gravatar.com\/avatar\/2f7c312d560e25e8eb59b6b53cadd5dc16b39f25bac1c7d0a221dafd9c91fae9?s=96&d=mm&r=g\",\"url\":\"https:\/\/secure.gravatar.com\/avatar\/2f7c312d560e25e8eb59b6b53cadd5dc16b39f25bac1c7d0a221dafd9c91fae9?s=96&d=mm&r=g\",\"contentUrl\":\"https:\/\/secure.gravatar.com\/avatar\/2f7c312d560e25e8eb59b6b53cadd5dc16b39f25bac1c7d0a221dafd9c91fae9?s=96&d=mm&r=g\",\"caption\":\"Redakcia\"},\"url\":\"https:\/\/www.festivalvedy.sk\/wp2\/author\/fvatadmin\/\"}]}<\/script>\n<!-- \/ Yoast SEO plugin. -->","yoast_head_json":{"title":"Zauj\u00edmav\u00fd \u017eivot mravcov - Festival vedy a techniky AMAVET","robots":{"index":"index","follow":"follow","max-snippet":"max-snippet:-1","max-image-preview":"max-image-preview:large","max-video-preview":"max-video-preview:-1"},"canonical":"https:\/\/www.festivalvedy.sk\/wp2\/zaujimavy-zivot-mravcov\/","og_locale":"sk_SK","og_type":"article","og_title":"Zauj\u00edmav\u00fd \u017eivot mravcov - Festival vedy a techniky AMAVET","og_description":"Autor\/autori: Peter Kraj\u010d\u00edk Peter Kraj\u010d\u00edk: Zauj\u00edmav\u00fd \u017eivot mravcov Z\u00e1kladn\u00e1 \u0161kola Tribe\u010dsk\u00e1 1653\/22, Topo\u013e\u010dany Projekt m\u00e1 pribl\u00ed\u017ei\u0165 \u017eivot mravcov, ktor\u00fd je ve\u013emi rozmanit\u00fd. Cie\u013eom projektu je pozorova\u0165 \u017eivot a stavbu tela, ale aj preferencie r\u00f4znych chut\u00ed mravcov. Pozoroval som konkr\u00e9tne mravenisko, ktor\u00e9 sa nach\u00e1dza na Duchonke (okres Topo\u013e\u010dany). Toto mravenisko som pozoroval v kr\u00e1tkych \u010dasov\u00fdch obdobiach [&hellip;]","og_url":"https:\/\/www.festivalvedy.sk\/wp2\/zaujimavy-zivot-mravcov\/","og_site_name":"Festival vedy a techniky AMAVET","article_published_time":"2019-09-18T10:45:41+00:00","author":"Redakcia","twitter_card":"summary_large_image","twitter_misc":{"Autor":"Redakcia","Predpokladan\u00fd \u010das \u010d\u00edtania":"1 min\u00fata"},"schema":{"@context":"https:\/\/schema.org","@graph":[{"@type":"Article","@id":"https:\/\/www.festivalvedy.sk\/wp2\/zaujimavy-zivot-mravcov\/#article","isPartOf":{"@id":"https:\/\/www.festivalvedy.sk\/wp2\/zaujimavy-zivot-mravcov\/"},"author":{"name":"Redakcia","@id":"https:\/\/www.festivalvedy.sk\/wp2\/#\/schema\/person\/f6c2e17170a626260fe38db97ed0a1f5"},"headline":"Zauj\u00edmav\u00fd \u017eivot mravcov","datePublished":"2019-09-18T10:45:41+00:00","mainEntityOfPage":{"@id":"https:\/\/www.festivalvedy.sk\/wp2\/zaujimavy-zivot-mravcov\/"},"wordCount":182,"commentCount":0,"publisher":{"@id":"https:\/\/www.festivalvedy.sk\/wp2\/#organization"},"keywords":["2019","Biol\u00f3gia"],"articleSection":["Arch\u00edv 2018","Biol\u00f3gia"],"inLanguage":"sk-SK"},{"@type":"WebPage","@id":"https:\/\/www.festivalvedy.sk\/wp2\/zaujimavy-zivot-mravcov\/","url":"https:\/\/www.festivalvedy.sk\/wp2\/zaujimavy-zivot-mravcov\/","name":"Zauj\u00edmav\u00fd \u017eivot mravcov - Festival vedy a techniky AMAVET","isPartOf":{"@id":"https:\/\/www.festivalvedy.sk\/wp2\/#website"},"datePublished":"2019-09-18T10:45:41+00:00","breadcrumb":{"@id":"https:\/\/www.festivalvedy.sk\/wp2\/zaujimavy-zivot-mravcov\/#breadcrumb"},"inLanguage":"sk-SK","potentialAction":[{"@type":"ReadAction","target":["https:\/\/www.festivalvedy.sk\/wp2\/zaujimavy-zivot-mravcov\/"]}]},{"@type":"BreadcrumbList","@id":"https:\/\/www.festivalvedy.sk\/wp2\/zaujimavy-zivot-mravcov\/#breadcrumb","itemListElement":[{"@type":"ListItem","position":1,"name":"Home","item":"https:\/\/www.festivalvedy.sk\/wp2\/"},{"@type":"ListItem","position":2,"name":"Zauj\u00edmav\u00fd \u017eivot mravcov"}]},{"@type":"WebSite","@id":"https:\/\/www.festivalvedy.sk\/wp2\/#website","url":"https:\/\/www.festivalvedy.sk\/wp2\/","name":"Festival vedy a techniky AMAVET","description":"AMAVET - Asoci\u00e1cia pre ml\u00e1de\u017e, vedu a techniku","publisher":{"@id":"https:\/\/www.festivalvedy.sk\/wp2\/#organization"},"potentialAction":[{"@type":"SearchAction","target":{"@type":"EntryPoint","urlTemplate":"https:\/\/www.festivalvedy.sk\/wp2\/?s={search_term_string}"},"query-input":{"@type":"PropertyValueSpecification","valueRequired":true,"valueName":"search_term_string"}}],"inLanguage":"sk-SK"},{"@type":"Organization","@id":"https:\/\/www.festivalvedy.sk\/wp2\/#organization","name":"Festival vedy a techniky AMAVET","url":"https:\/\/www.festivalvedy.sk\/wp2\/","logo":{"@type":"ImageObject","inLanguage":"sk-SK","@id":"https:\/\/www.festivalvedy.sk\/wp2\/#\/schema\/logo\/image\/","url":"https:\/\/www.festivalvedy.sk\/wp2\/wp-content\/uploads\/2022\/02\/cropped-fvat-ochranna-zona.png","contentUrl":"https:\/\/www.festivalvedy.sk\/wp2\/wp-content\/uploads\/2022\/02\/cropped-fvat-ochranna-zona.png","width":1190,"height":357,"caption":"Festival vedy a techniky AMAVET"},"image":{"@id":"https:\/\/www.festivalvedy.sk\/wp2\/#\/schema\/logo\/image\/"}},{"@type":"Person","@id":"https:\/\/www.festivalvedy.sk\/wp2\/#\/schema\/person\/f6c2e17170a626260fe38db97ed0a1f5","name":"Redakcia","image":{"@type":"ImageObject","inLanguage":"sk-SK","@id":"https:\/\/secure.gravatar.com\/avatar\/2f7c312d560e25e8eb59b6b53cadd5dc16b39f25bac1c7d0a221dafd9c91fae9?s=96&d=mm&r=g","url":"https:\/\/secure.gravatar.com\/avatar\/2f7c312d560e25e8eb59b6b53cadd5dc16b39f25bac1c7d0a221dafd9c91fae9?s=96&d=mm&r=g","contentUrl":"https:\/\/secure.gravatar.com\/avatar\/2f7c312d560e25e8eb59b6b53cadd5dc16b39f25bac1c7d0a221dafd9c91fae9?s=96&d=mm&r=g","caption":"Redakcia"},"url":"https:\/\/www.festivalvedy.sk\/wp2\/author\/fvatadmin\/"}]}},"_links":{"self":[{"href":"https:\/\/www.festivalvedy.sk\/wp2\/wp-json\/wp\/v2\/posts\/878","targetHints":{"allow":["GET"]}}],"collection":[{"href":"https:\/\/www.festivalvedy.sk\/wp2\/wp-json\/wp\/v2\/posts"}],"about":[{"href":"https:\/\/www.festivalvedy.sk\/wp2\/wp-json\/wp\/v2\/types\/post"}],"author":[{"embeddable":true,"href":"https:\/\/www.festivalvedy.sk\/wp2\/wp-json\/wp\/v2\/users\/1"}],"replies":[{"embeddable":true,"href":"https:\/\/www.festivalvedy.sk\/wp2\/wp-json\/wp\/v2\/comments?post=878"}],"version-history":[{"count":0,"href":"https:\/\/www.festivalvedy.sk\/wp2\/wp-json\/wp\/v2\/posts\/878\/revisions"}],"wp:attachment":[{"href":"https:\/\/www.festivalvedy.sk\/wp2\/wp-json\/wp\/v2\/media?parent=878"}],"wp:term":[{"taxonomy":"category","embeddable":true,"href":"https:\/\/www.festivalvedy.sk\/wp2\/wp-json\/wp\/v2\/categories?post=878"},{"taxonomy":"post_tag","embeddable":true,"href":"https:\/\/www.festivalvedy.sk\/wp2\/wp-json\/wp\/v2\/tags?post=878"}],"curies":[{"name":"wp","href":"https:\/\/api.w.org\/{rel}","templated":true}]}}