{"id":887,"date":"2019-09-18T12:45:42","date_gmt":"2019-09-18T10:45:42","guid":{"rendered":"https:\/\/www.festivalvedy.sk\/wp2\/skryte-hrozby-v-digitalnom-svete-socialnych-sieti\/"},"modified":"2019-09-18T12:45:42","modified_gmt":"2019-09-18T10:45:42","slug":"skryte-hrozby-v-digitalnom-svete-socialnych-sieti","status":"publish","type":"post","link":"https:\/\/www.festivalvedy.sk\/wp2\/skryte-hrozby-v-digitalnom-svete-socialnych-sieti\/","title":{"rendered":"Skryt\u00e9 hrozby v digit\u00e1lnom svete soci\u00e1lnych siet\u00ed"},"content":{"rendered":"<p>Autor\/autori: Michal Hudcovi\u010d  <\/p>\n<p>Projekt vznikol s cie\u013eom informova\u0165 a prispie\u0165 k vzdelaniu \u0161ir\u0161ej verejnosti o t\u00e9me kyber\u0161ikana. Je to jav, ktor\u00fd sa t\u00fdka v\u0161etk\u00fdch. Ovplyv\u0148uje nielen osoby, ktor\u00e9 sa priamo stretn\u00fa s t\u00fdmto probl\u00e9mom, ale aj ich rodinu a zn\u00e1mych. Aj ke\u010f na tento probl\u00e9m je kladen\u00fd ve\u013ek\u00fd d\u00f4raz, prevencia je pod\u013ea \u0161tatist\u00edk ve\u013emi podcenen\u00e1. Konkr\u00e9tne probl\u00e9my sa \u010dasto za\u010d\u00ednaj\u00fa rie\u0161i\u0165, a\u017e ke\u010f je neskoro. Internet a mobiln\u00e1 komunik\u00e1cia sa stali neoddelite\u013enou s\u00fa\u010das\u0165ou dne\u0161nej doby. Predov\u0161etk\u00fdm internet sa podie\u013ea na vytvoren\u00ed nov\u00e9ho sveta \u2013 virtu\u00e1lneho priestoru, s vlastn\u00fdmi pravidlami, ktor\u00fd priniesol okrem pozit\u00edv aj z\u00e1va\u017en\u00e9 negat\u00edva ako s\u00fa nov\u00e9 formy z\u00e1vislosti, n\u00e1silia a kriminality. Spolu s t\u00fdm sa vynorila aj ot\u00e1zka predch\u00e1dzania t\u00fdmto negat\u00edvnym javom, potreba prevencie. Projekt m\u00e1 za cie\u013e rozpr\u00fadi\u0165 diskusie a vzdel\u00e1vanie \u0161ir\u0161ej verejnosti v oblasti prevencie a rie\u0161enia bezpe\u010dn\u00e9ho spr\u00e1vania na internete v regi\u00f3ne. Z\u00e1merom projektu bolo prispie\u0165 realizovan\u00edm r\u00f4znych aktiv\u00edt k lep\u0161ej informovanosti mlad\u00fdch \u013eud\u00ed, ale aj rodi\u010dov, u\u010dite\u013eov, verejnosti o rizik\u00e1ch modern\u00fdch komunika\u010dn\u00fdch digit\u00e1lnych technol\u00f3gi\u00ed ako aj o ich bezpe\u010dnom vyu\u017e\u00edvan\u00ed. Deti a mlad\u00ed \u013eudia s nimi vyrastaj\u00fa a u\u010dia sa ich vyu\u017e\u00edva\u0165 ve\u013emi prirodzen\u00fdm sp\u00f4sobom, ale m\u00e1lokedy sa zam\u00fd\u0161\u013eaj\u00fa, ak\u00e9 nebezpe\u010denstv\u00e1 a n\u00e1strahy im hrozia. V\u00e4\u010d\u0161ina rodi\u010dov aj u\u010dite\u013eov nedok\u00e1\u017ee s mlad\u00fdmi dr\u017ea\u0165 krok v ovl\u00e1dan\u00ed modern\u00fdch komunika\u010dn\u00fdch m\u00e9di\u00ed a je pre nich \u010dasto \u0165a\u017ek\u00e9 kontrolova\u0165, \u010do robia a ako sa spr\u00e1vaj\u00fa v on-line svete.<\/p>\n","protected":false},"excerpt":{"rendered":"<p>Autor\/autori: Michal Hudcovi\u010d Projekt vznikol s cie\u013eom informova\u0165 a prispie\u0165 k vzdelaniu \u0161ir\u0161ej verejnosti o t\u00e9me kyber\u0161ikana. Je to jav, ktor\u00fd sa t\u00fdka v\u0161etk\u00fdch. Ovplyv\u0148uje nielen osoby, ktor\u00e9 sa priamo stretn\u00fa s t\u00fdmto probl\u00e9mom, ale aj ich rodinu a zn\u00e1mych. Aj ke\u010f na tento probl\u00e9m je kladen\u00fd ve\u013ek\u00fd d\u00f4raz, prevencia je pod\u013ea \u0161tatist\u00edk ve\u013emi podcenen\u00e1. [&hellip;]<\/p>\n","protected":false},"author":1,"featured_media":0,"comment_status":"open","ping_status":"open","sticky":false,"template":"","format":"standard","meta":{"om_disable_all_campaigns":false,"_monsterinsights_skip_tracking":false,"_monsterinsights_sitenote_active":false,"_monsterinsights_sitenote_note":"","_monsterinsights_sitenote_category":0,"_uf_show_specific_survey":0,"_uf_disable_surveys":false,"footnotes":""},"categories":[6,26],"tags":[8,27],"class_list":["post-887","post","type-post","status-publish","format-standard","hentry","category-6","category-spolocenske-vedy","tag-8","tag-spolocenske-vedy"],"yoast_head":"<!-- This site is optimized with the Yoast SEO plugin v27.2 - https:\/\/yoast.com\/product\/yoast-seo-wordpress\/ -->\n<title>Skryt\u00e9 hrozby v digit\u00e1lnom svete soci\u00e1lnych siet\u00ed - Festival vedy a techniky AMAVET<\/title>\n<meta name=\"robots\" content=\"index, follow, max-snippet:-1, max-image-preview:large, max-video-preview:-1\" \/>\n<link rel=\"canonical\" href=\"https:\/\/www.festivalvedy.sk\/wp2\/skryte-hrozby-v-digitalnom-svete-socialnych-sieti\/\" \/>\n<meta property=\"og:locale\" content=\"sk_SK\" \/>\n<meta property=\"og:type\" content=\"article\" \/>\n<meta property=\"og:title\" content=\"Skryt\u00e9 hrozby v digit\u00e1lnom svete soci\u00e1lnych siet\u00ed - Festival vedy a techniky AMAVET\" \/>\n<meta property=\"og:description\" content=\"Autor\/autori: Michal Hudcovi\u010d Projekt vznikol s cie\u013eom informova\u0165 a prispie\u0165 k vzdelaniu \u0161ir\u0161ej verejnosti o t\u00e9me kyber\u0161ikana. Je to jav, ktor\u00fd sa t\u00fdka v\u0161etk\u00fdch. Ovplyv\u0148uje nielen osoby, ktor\u00e9 sa priamo stretn\u00fa s t\u00fdmto probl\u00e9mom, ale aj ich rodinu a zn\u00e1mych. Aj ke\u010f na tento probl\u00e9m je kladen\u00fd ve\u013ek\u00fd d\u00f4raz, prevencia je pod\u013ea \u0161tatist\u00edk ve\u013emi podcenen\u00e1. [&hellip;]\" \/>\n<meta property=\"og:url\" content=\"https:\/\/www.festivalvedy.sk\/wp2\/skryte-hrozby-v-digitalnom-svete-socialnych-sieti\/\" \/>\n<meta property=\"og:site_name\" content=\"Festival vedy a techniky AMAVET\" \/>\n<meta property=\"article:published_time\" content=\"2019-09-18T10:45:42+00:00\" \/>\n<meta name=\"author\" content=\"Redakcia\" \/>\n<meta name=\"twitter:card\" content=\"summary_large_image\" \/>\n<meta name=\"twitter:label1\" content=\"Autor\" \/>\n\t<meta name=\"twitter:data1\" content=\"Redakcia\" \/>\n\t<meta name=\"twitter:label2\" content=\"Predpokladan\u00fd \u010das \u010d\u00edtania\" \/>\n\t<meta name=\"twitter:data2\" content=\"2 min\u00faty\" \/>\n<script type=\"application\/ld+json\" class=\"yoast-schema-graph\">{\"@context\":\"https:\/\/schema.org\",\"@graph\":[{\"@type\":\"Article\",\"@id\":\"https:\/\/www.festivalvedy.sk\/wp2\/skryte-hrozby-v-digitalnom-svete-socialnych-sieti\/#article\",\"isPartOf\":{\"@id\":\"https:\/\/www.festivalvedy.sk\/wp2\/skryte-hrozby-v-digitalnom-svete-socialnych-sieti\/\"},\"author\":{\"name\":\"Redakcia\",\"@id\":\"https:\/\/www.festivalvedy.sk\/wp2\/#\/schema\/person\/f6c2e17170a626260fe38db97ed0a1f5\"},\"headline\":\"Skryt\u00e9 hrozby v digit\u00e1lnom svete soci\u00e1lnych siet\u00ed\",\"datePublished\":\"2019-09-18T10:45:42+00:00\",\"mainEntityOfPage\":{\"@id\":\"https:\/\/www.festivalvedy.sk\/wp2\/skryte-hrozby-v-digitalnom-svete-socialnych-sieti\/\"},\"wordCount\":322,\"commentCount\":0,\"publisher\":{\"@id\":\"https:\/\/www.festivalvedy.sk\/wp2\/#organization\"},\"keywords\":[\"2019\",\"Spolo\u010densk\u00e9 vedy\"],\"articleSection\":[\"Arch\u00edv 2018\",\"Spolo\u010densk\u00e9 vedy\"],\"inLanguage\":\"sk-SK\"},{\"@type\":\"WebPage\",\"@id\":\"https:\/\/www.festivalvedy.sk\/wp2\/skryte-hrozby-v-digitalnom-svete-socialnych-sieti\/\",\"url\":\"https:\/\/www.festivalvedy.sk\/wp2\/skryte-hrozby-v-digitalnom-svete-socialnych-sieti\/\",\"name\":\"Skryt\u00e9 hrozby v digit\u00e1lnom svete soci\u00e1lnych siet\u00ed - Festival vedy a techniky AMAVET\",\"isPartOf\":{\"@id\":\"https:\/\/www.festivalvedy.sk\/wp2\/#website\"},\"datePublished\":\"2019-09-18T10:45:42+00:00\",\"breadcrumb\":{\"@id\":\"https:\/\/www.festivalvedy.sk\/wp2\/skryte-hrozby-v-digitalnom-svete-socialnych-sieti\/#breadcrumb\"},\"inLanguage\":\"sk-SK\",\"potentialAction\":[{\"@type\":\"ReadAction\",\"target\":[\"https:\/\/www.festivalvedy.sk\/wp2\/skryte-hrozby-v-digitalnom-svete-socialnych-sieti\/\"]}]},{\"@type\":\"BreadcrumbList\",\"@id\":\"https:\/\/www.festivalvedy.sk\/wp2\/skryte-hrozby-v-digitalnom-svete-socialnych-sieti\/#breadcrumb\",\"itemListElement\":[{\"@type\":\"ListItem\",\"position\":1,\"name\":\"Home\",\"item\":\"https:\/\/www.festivalvedy.sk\/wp2\/\"},{\"@type\":\"ListItem\",\"position\":2,\"name\":\"Skryt\u00e9 hrozby v digit\u00e1lnom svete soci\u00e1lnych siet\u00ed\"}]},{\"@type\":\"WebSite\",\"@id\":\"https:\/\/www.festivalvedy.sk\/wp2\/#website\",\"url\":\"https:\/\/www.festivalvedy.sk\/wp2\/\",\"name\":\"Festival vedy a techniky AMAVET\",\"description\":\"AMAVET - Asoci\u00e1cia pre ml\u00e1de\u017e, vedu a techniku\",\"publisher\":{\"@id\":\"https:\/\/www.festivalvedy.sk\/wp2\/#organization\"},\"potentialAction\":[{\"@type\":\"SearchAction\",\"target\":{\"@type\":\"EntryPoint\",\"urlTemplate\":\"https:\/\/www.festivalvedy.sk\/wp2\/?s={search_term_string}\"},\"query-input\":{\"@type\":\"PropertyValueSpecification\",\"valueRequired\":true,\"valueName\":\"search_term_string\"}}],\"inLanguage\":\"sk-SK\"},{\"@type\":\"Organization\",\"@id\":\"https:\/\/www.festivalvedy.sk\/wp2\/#organization\",\"name\":\"Festival vedy a techniky AMAVET\",\"url\":\"https:\/\/www.festivalvedy.sk\/wp2\/\",\"logo\":{\"@type\":\"ImageObject\",\"inLanguage\":\"sk-SK\",\"@id\":\"https:\/\/www.festivalvedy.sk\/wp2\/#\/schema\/logo\/image\/\",\"url\":\"https:\/\/www.festivalvedy.sk\/wp2\/wp-content\/uploads\/2022\/02\/cropped-fvat-ochranna-zona.png\",\"contentUrl\":\"https:\/\/www.festivalvedy.sk\/wp2\/wp-content\/uploads\/2022\/02\/cropped-fvat-ochranna-zona.png\",\"width\":1190,\"height\":357,\"caption\":\"Festival vedy a techniky AMAVET\"},\"image\":{\"@id\":\"https:\/\/www.festivalvedy.sk\/wp2\/#\/schema\/logo\/image\/\"}},{\"@type\":\"Person\",\"@id\":\"https:\/\/www.festivalvedy.sk\/wp2\/#\/schema\/person\/f6c2e17170a626260fe38db97ed0a1f5\",\"name\":\"Redakcia\",\"image\":{\"@type\":\"ImageObject\",\"inLanguage\":\"sk-SK\",\"@id\":\"https:\/\/secure.gravatar.com\/avatar\/2f7c312d560e25e8eb59b6b53cadd5dc16b39f25bac1c7d0a221dafd9c91fae9?s=96&d=mm&r=g\",\"url\":\"https:\/\/secure.gravatar.com\/avatar\/2f7c312d560e25e8eb59b6b53cadd5dc16b39f25bac1c7d0a221dafd9c91fae9?s=96&d=mm&r=g\",\"contentUrl\":\"https:\/\/secure.gravatar.com\/avatar\/2f7c312d560e25e8eb59b6b53cadd5dc16b39f25bac1c7d0a221dafd9c91fae9?s=96&d=mm&r=g\",\"caption\":\"Redakcia\"},\"url\":\"https:\/\/www.festivalvedy.sk\/wp2\/author\/fvatadmin\/\"}]}<\/script>\n<!-- \/ Yoast SEO plugin. -->","yoast_head_json":{"title":"Skryt\u00e9 hrozby v digit\u00e1lnom svete soci\u00e1lnych siet\u00ed - Festival vedy a techniky AMAVET","robots":{"index":"index","follow":"follow","max-snippet":"max-snippet:-1","max-image-preview":"max-image-preview:large","max-video-preview":"max-video-preview:-1"},"canonical":"https:\/\/www.festivalvedy.sk\/wp2\/skryte-hrozby-v-digitalnom-svete-socialnych-sieti\/","og_locale":"sk_SK","og_type":"article","og_title":"Skryt\u00e9 hrozby v digit\u00e1lnom svete soci\u00e1lnych siet\u00ed - Festival vedy a techniky AMAVET","og_description":"Autor\/autori: Michal Hudcovi\u010d Projekt vznikol s cie\u013eom informova\u0165 a prispie\u0165 k vzdelaniu \u0161ir\u0161ej verejnosti o t\u00e9me kyber\u0161ikana. Je to jav, ktor\u00fd sa t\u00fdka v\u0161etk\u00fdch. Ovplyv\u0148uje nielen osoby, ktor\u00e9 sa priamo stretn\u00fa s t\u00fdmto probl\u00e9mom, ale aj ich rodinu a zn\u00e1mych. Aj ke\u010f na tento probl\u00e9m je kladen\u00fd ve\u013ek\u00fd d\u00f4raz, prevencia je pod\u013ea \u0161tatist\u00edk ve\u013emi podcenen\u00e1. [&hellip;]","og_url":"https:\/\/www.festivalvedy.sk\/wp2\/skryte-hrozby-v-digitalnom-svete-socialnych-sieti\/","og_site_name":"Festival vedy a techniky AMAVET","article_published_time":"2019-09-18T10:45:42+00:00","author":"Redakcia","twitter_card":"summary_large_image","twitter_misc":{"Autor":"Redakcia","Predpokladan\u00fd \u010das \u010d\u00edtania":"2 min\u00faty"},"schema":{"@context":"https:\/\/schema.org","@graph":[{"@type":"Article","@id":"https:\/\/www.festivalvedy.sk\/wp2\/skryte-hrozby-v-digitalnom-svete-socialnych-sieti\/#article","isPartOf":{"@id":"https:\/\/www.festivalvedy.sk\/wp2\/skryte-hrozby-v-digitalnom-svete-socialnych-sieti\/"},"author":{"name":"Redakcia","@id":"https:\/\/www.festivalvedy.sk\/wp2\/#\/schema\/person\/f6c2e17170a626260fe38db97ed0a1f5"},"headline":"Skryt\u00e9 hrozby v digit\u00e1lnom svete soci\u00e1lnych siet\u00ed","datePublished":"2019-09-18T10:45:42+00:00","mainEntityOfPage":{"@id":"https:\/\/www.festivalvedy.sk\/wp2\/skryte-hrozby-v-digitalnom-svete-socialnych-sieti\/"},"wordCount":322,"commentCount":0,"publisher":{"@id":"https:\/\/www.festivalvedy.sk\/wp2\/#organization"},"keywords":["2019","Spolo\u010densk\u00e9 vedy"],"articleSection":["Arch\u00edv 2018","Spolo\u010densk\u00e9 vedy"],"inLanguage":"sk-SK"},{"@type":"WebPage","@id":"https:\/\/www.festivalvedy.sk\/wp2\/skryte-hrozby-v-digitalnom-svete-socialnych-sieti\/","url":"https:\/\/www.festivalvedy.sk\/wp2\/skryte-hrozby-v-digitalnom-svete-socialnych-sieti\/","name":"Skryt\u00e9 hrozby v digit\u00e1lnom svete soci\u00e1lnych siet\u00ed - Festival vedy a techniky AMAVET","isPartOf":{"@id":"https:\/\/www.festivalvedy.sk\/wp2\/#website"},"datePublished":"2019-09-18T10:45:42+00:00","breadcrumb":{"@id":"https:\/\/www.festivalvedy.sk\/wp2\/skryte-hrozby-v-digitalnom-svete-socialnych-sieti\/#breadcrumb"},"inLanguage":"sk-SK","potentialAction":[{"@type":"ReadAction","target":["https:\/\/www.festivalvedy.sk\/wp2\/skryte-hrozby-v-digitalnom-svete-socialnych-sieti\/"]}]},{"@type":"BreadcrumbList","@id":"https:\/\/www.festivalvedy.sk\/wp2\/skryte-hrozby-v-digitalnom-svete-socialnych-sieti\/#breadcrumb","itemListElement":[{"@type":"ListItem","position":1,"name":"Home","item":"https:\/\/www.festivalvedy.sk\/wp2\/"},{"@type":"ListItem","position":2,"name":"Skryt\u00e9 hrozby v digit\u00e1lnom svete soci\u00e1lnych siet\u00ed"}]},{"@type":"WebSite","@id":"https:\/\/www.festivalvedy.sk\/wp2\/#website","url":"https:\/\/www.festivalvedy.sk\/wp2\/","name":"Festival vedy a techniky AMAVET","description":"AMAVET - Asoci\u00e1cia pre ml\u00e1de\u017e, vedu a techniku","publisher":{"@id":"https:\/\/www.festivalvedy.sk\/wp2\/#organization"},"potentialAction":[{"@type":"SearchAction","target":{"@type":"EntryPoint","urlTemplate":"https:\/\/www.festivalvedy.sk\/wp2\/?s={search_term_string}"},"query-input":{"@type":"PropertyValueSpecification","valueRequired":true,"valueName":"search_term_string"}}],"inLanguage":"sk-SK"},{"@type":"Organization","@id":"https:\/\/www.festivalvedy.sk\/wp2\/#organization","name":"Festival vedy a techniky AMAVET","url":"https:\/\/www.festivalvedy.sk\/wp2\/","logo":{"@type":"ImageObject","inLanguage":"sk-SK","@id":"https:\/\/www.festivalvedy.sk\/wp2\/#\/schema\/logo\/image\/","url":"https:\/\/www.festivalvedy.sk\/wp2\/wp-content\/uploads\/2022\/02\/cropped-fvat-ochranna-zona.png","contentUrl":"https:\/\/www.festivalvedy.sk\/wp2\/wp-content\/uploads\/2022\/02\/cropped-fvat-ochranna-zona.png","width":1190,"height":357,"caption":"Festival vedy a techniky AMAVET"},"image":{"@id":"https:\/\/www.festivalvedy.sk\/wp2\/#\/schema\/logo\/image\/"}},{"@type":"Person","@id":"https:\/\/www.festivalvedy.sk\/wp2\/#\/schema\/person\/f6c2e17170a626260fe38db97ed0a1f5","name":"Redakcia","image":{"@type":"ImageObject","inLanguage":"sk-SK","@id":"https:\/\/secure.gravatar.com\/avatar\/2f7c312d560e25e8eb59b6b53cadd5dc16b39f25bac1c7d0a221dafd9c91fae9?s=96&d=mm&r=g","url":"https:\/\/secure.gravatar.com\/avatar\/2f7c312d560e25e8eb59b6b53cadd5dc16b39f25bac1c7d0a221dafd9c91fae9?s=96&d=mm&r=g","contentUrl":"https:\/\/secure.gravatar.com\/avatar\/2f7c312d560e25e8eb59b6b53cadd5dc16b39f25bac1c7d0a221dafd9c91fae9?s=96&d=mm&r=g","caption":"Redakcia"},"url":"https:\/\/www.festivalvedy.sk\/wp2\/author\/fvatadmin\/"}]}},"_links":{"self":[{"href":"https:\/\/www.festivalvedy.sk\/wp2\/wp-json\/wp\/v2\/posts\/887","targetHints":{"allow":["GET"]}}],"collection":[{"href":"https:\/\/www.festivalvedy.sk\/wp2\/wp-json\/wp\/v2\/posts"}],"about":[{"href":"https:\/\/www.festivalvedy.sk\/wp2\/wp-json\/wp\/v2\/types\/post"}],"author":[{"embeddable":true,"href":"https:\/\/www.festivalvedy.sk\/wp2\/wp-json\/wp\/v2\/users\/1"}],"replies":[{"embeddable":true,"href":"https:\/\/www.festivalvedy.sk\/wp2\/wp-json\/wp\/v2\/comments?post=887"}],"version-history":[{"count":0,"href":"https:\/\/www.festivalvedy.sk\/wp2\/wp-json\/wp\/v2\/posts\/887\/revisions"}],"wp:attachment":[{"href":"https:\/\/www.festivalvedy.sk\/wp2\/wp-json\/wp\/v2\/media?parent=887"}],"wp:term":[{"taxonomy":"category","embeddable":true,"href":"https:\/\/www.festivalvedy.sk\/wp2\/wp-json\/wp\/v2\/categories?post=887"},{"taxonomy":"post_tag","embeddable":true,"href":"https:\/\/www.festivalvedy.sk\/wp2\/wp-json\/wp\/v2\/tags?post=887"}],"curies":[{"name":"wp","href":"https:\/\/api.w.org\/{rel}","templated":true}]}}