{"id":890,"date":"2019-09-18T12:45:42","date_gmt":"2019-09-18T10:45:42","guid":{"rendered":"https:\/\/www.festivalvedy.sk\/wp2\/vodikovy-palivovy-clanok-vyzva-pre-automobilovy-priemysel\/"},"modified":"2019-09-18T12:45:42","modified_gmt":"2019-09-18T10:45:42","slug":"vodikovy-palivovy-clanok-vyzva-pre-automobilovy-priemysel","status":"publish","type":"post","link":"https:\/\/www.festivalvedy.sk\/wp2\/vodikovy-palivovy-clanok-vyzva-pre-automobilovy-priemysel\/","title":{"rendered":"Vod\u00edkov\u00fd palivov\u00fd \u010dl\u00e1nok\u2013 v\u00fdzva pre automobilov\u00fd priemysel?"},"content":{"rendered":"<p>Autor\/autori: Peter Tup\u00fd  <\/p>\n<p>Projekt sa venuje problematike vod\u00edkov\u00e9ho pohonu automobilov. Rie\u0161i n\u00e1hradu klasick\u00e9ho elektrick\u00e9ho pohonu aut\u00ed\u010dka vod\u00edkov\u00fdm palivov\u00fdm \u010dl\u00e1nkom. Z\u00e1rove\u0148 sa zameriava aj na roz\u0161irovanie inform\u00e1ci\u00ed o princ\u00edpe, v\u00fdhod\u00e1ch a nev\u00fdhod\u00e1ch pohonu vod\u00edkov\u00fdm palivov\u00fdm \u010dl\u00e1nkom, ako aj propag\u00e1ciu obnovite\u013en\u00fdch zdrojov energie, rie\u0161enie zni\u017eovania emisi\u00ed v doprave.<br \/>\nV s\u00fa\u010dasnosti s\u00fa aut\u00e1 s palivov\u00fdmi \u010dl\u00e1nkami (Fuell Cell Vehicle &#8211; FCV) aj v prev\u00e1dzke. FCV s\u00fa elektromobily, ktor\u00e9 netreba zd\u013ahavo nab\u00edja\u0165, ale sa \u201enatankuj\u00fa\u201c. Odstra\u0148uj\u00fa nedostatky elektromobilov, napr\u00edklad hmotnos\u0165 a \u017eivotnos\u0165 pou\u017e\u00edvan\u00fdch bat\u00e9ri\u00ed, ktor\u00fdch v\u00fdroba a likvid\u00e1cia taktie\u017e za\u0165a\u017euje \u017eivotn\u00e9 prostredie. A elektrick\u00fa energiu pre nab\u00edjanie akumul\u00e1torov treba vyrobi\u0165 klasick\u00fdm sp\u00f4sobom a rozvies\u0165 na miesta spotreby. FCV vyzeraj\u00fa zvonku ako klasick\u00e9 automobily, ale rozdiel je v palivov\u00fdch \u010dl\u00e1nkoch, ktor\u00e9 premie\u0148aj\u00fa vod\u00edk z n\u00e1dr\u017ee s kysl\u00edkom zo vzduchu na elektrinu poh\u00e1\u0148aj\u00facu elektromotor. Aut\u00e1m na vod\u00edkov\u00fd pohon vych\u00e1dza z agreg\u00e1tu \u010dist\u00e1 voda. Jedin\u00fdm z d\u00f4vodov pre\u010do sa masovo nepou\u017e\u00edvaj\u00fa aut\u00e1 na vod\u00edk je nedostatok \u010derpac\u00edch stan\u00edc.<\/p>\n","protected":false},"excerpt":{"rendered":"<p>Autor\/autori: Peter Tup\u00fd Projekt sa venuje problematike vod\u00edkov\u00e9ho pohonu automobilov. Rie\u0161i n\u00e1hradu klasick\u00e9ho elektrick\u00e9ho pohonu aut\u00ed\u010dka vod\u00edkov\u00fdm palivov\u00fdm \u010dl\u00e1nkom. Z\u00e1rove\u0148 sa zameriava aj na roz\u0161irovanie inform\u00e1ci\u00ed o princ\u00edpe, v\u00fdhod\u00e1ch a nev\u00fdhod\u00e1ch pohonu vod\u00edkov\u00fdm palivov\u00fdm \u010dl\u00e1nkom, ako aj propag\u00e1ciu obnovite\u013en\u00fdch zdrojov energie, rie\u0161enie zni\u017eovania emisi\u00ed v doprave. V s\u00fa\u010dasnosti s\u00fa aut\u00e1 s palivov\u00fdmi \u010dl\u00e1nkami (Fuell Cell [&hellip;]<\/p>\n","protected":false},"author":1,"featured_media":0,"comment_status":"open","ping_status":"open","sticky":false,"template":"","format":"standard","meta":{"om_disable_all_campaigns":false,"_monsterinsights_skip_tracking":false,"_monsterinsights_sitenote_active":false,"_monsterinsights_sitenote_note":"","_monsterinsights_sitenote_category":0,"_uf_show_specific_survey":0,"_uf_disable_surveys":false,"footnotes":""},"categories":[6,18],"tags":[8,19],"class_list":["post-890","post","type-post","status-publish","format-standard","hentry","category-6","category-energia-a-transport","tag-8","tag-energia-a-transport"],"yoast_head":"<!-- This site is optimized with the Yoast SEO plugin v27.2 - https:\/\/yoast.com\/product\/yoast-seo-wordpress\/ -->\n<title>Vod\u00edkov\u00fd palivov\u00fd \u010dl\u00e1nok\u2013 v\u00fdzva pre automobilov\u00fd priemysel? - Festival vedy a techniky AMAVET<\/title>\n<meta name=\"robots\" content=\"index, follow, max-snippet:-1, max-image-preview:large, max-video-preview:-1\" \/>\n<link rel=\"canonical\" href=\"https:\/\/www.festivalvedy.sk\/wp2\/vodikovy-palivovy-clanok-vyzva-pre-automobilovy-priemysel\/\" \/>\n<meta property=\"og:locale\" content=\"sk_SK\" \/>\n<meta property=\"og:type\" content=\"article\" \/>\n<meta property=\"og:title\" content=\"Vod\u00edkov\u00fd palivov\u00fd \u010dl\u00e1nok\u2013 v\u00fdzva pre automobilov\u00fd priemysel? - Festival vedy a techniky AMAVET\" \/>\n<meta property=\"og:description\" content=\"Autor\/autori: Peter Tup\u00fd Projekt sa venuje problematike vod\u00edkov\u00e9ho pohonu automobilov. Rie\u0161i n\u00e1hradu klasick\u00e9ho elektrick\u00e9ho pohonu aut\u00ed\u010dka vod\u00edkov\u00fdm palivov\u00fdm \u010dl\u00e1nkom. Z\u00e1rove\u0148 sa zameriava aj na roz\u0161irovanie inform\u00e1ci\u00ed o princ\u00edpe, v\u00fdhod\u00e1ch a nev\u00fdhod\u00e1ch pohonu vod\u00edkov\u00fdm palivov\u00fdm \u010dl\u00e1nkom, ako aj propag\u00e1ciu obnovite\u013en\u00fdch zdrojov energie, rie\u0161enie zni\u017eovania emisi\u00ed v doprave. V s\u00fa\u010dasnosti s\u00fa aut\u00e1 s palivov\u00fdmi \u010dl\u00e1nkami (Fuell Cell [&hellip;]\" \/>\n<meta property=\"og:url\" content=\"https:\/\/www.festivalvedy.sk\/wp2\/vodikovy-palivovy-clanok-vyzva-pre-automobilovy-priemysel\/\" \/>\n<meta property=\"og:site_name\" content=\"Festival vedy a techniky AMAVET\" \/>\n<meta property=\"article:published_time\" content=\"2019-09-18T10:45:42+00:00\" \/>\n<meta name=\"author\" content=\"Redakcia\" \/>\n<meta name=\"twitter:card\" content=\"summary_large_image\" \/>\n<meta name=\"twitter:label1\" content=\"Autor\" \/>\n\t<meta name=\"twitter:data1\" content=\"Redakcia\" \/>\n\t<meta name=\"twitter:label2\" content=\"Predpokladan\u00fd \u010das \u010d\u00edtania\" \/>\n\t<meta name=\"twitter:data2\" content=\"1 min\u00fata\" \/>\n<script type=\"application\/ld+json\" class=\"yoast-schema-graph\">{\"@context\":\"https:\/\/schema.org\",\"@graph\":[{\"@type\":\"Article\",\"@id\":\"https:\/\/www.festivalvedy.sk\/wp2\/vodikovy-palivovy-clanok-vyzva-pre-automobilovy-priemysel\/#article\",\"isPartOf\":{\"@id\":\"https:\/\/www.festivalvedy.sk\/wp2\/vodikovy-palivovy-clanok-vyzva-pre-automobilovy-priemysel\/\"},\"author\":{\"name\":\"Redakcia\",\"@id\":\"https:\/\/www.festivalvedy.sk\/wp2\/#\/schema\/person\/f6c2e17170a626260fe38db97ed0a1f5\"},\"headline\":\"Vod\u00edkov\u00fd palivov\u00fd \u010dl\u00e1nok\u2013 v\u00fdzva pre automobilov\u00fd priemysel?\",\"datePublished\":\"2019-09-18T10:45:42+00:00\",\"mainEntityOfPage\":{\"@id\":\"https:\/\/www.festivalvedy.sk\/wp2\/vodikovy-palivovy-clanok-vyzva-pre-automobilovy-priemysel\/\"},\"wordCount\":230,\"commentCount\":0,\"publisher\":{\"@id\":\"https:\/\/www.festivalvedy.sk\/wp2\/#organization\"},\"keywords\":[\"2019\",\"Energia a transport\"],\"articleSection\":[\"Arch\u00edv 2018\",\"Energia a transport\"],\"inLanguage\":\"sk-SK\"},{\"@type\":\"WebPage\",\"@id\":\"https:\/\/www.festivalvedy.sk\/wp2\/vodikovy-palivovy-clanok-vyzva-pre-automobilovy-priemysel\/\",\"url\":\"https:\/\/www.festivalvedy.sk\/wp2\/vodikovy-palivovy-clanok-vyzva-pre-automobilovy-priemysel\/\",\"name\":\"Vod\u00edkov\u00fd palivov\u00fd \u010dl\u00e1nok\u2013 v\u00fdzva pre automobilov\u00fd priemysel? - Festival vedy a techniky AMAVET\",\"isPartOf\":{\"@id\":\"https:\/\/www.festivalvedy.sk\/wp2\/#website\"},\"datePublished\":\"2019-09-18T10:45:42+00:00\",\"breadcrumb\":{\"@id\":\"https:\/\/www.festivalvedy.sk\/wp2\/vodikovy-palivovy-clanok-vyzva-pre-automobilovy-priemysel\/#breadcrumb\"},\"inLanguage\":\"sk-SK\",\"potentialAction\":[{\"@type\":\"ReadAction\",\"target\":[\"https:\/\/www.festivalvedy.sk\/wp2\/vodikovy-palivovy-clanok-vyzva-pre-automobilovy-priemysel\/\"]}]},{\"@type\":\"BreadcrumbList\",\"@id\":\"https:\/\/www.festivalvedy.sk\/wp2\/vodikovy-palivovy-clanok-vyzva-pre-automobilovy-priemysel\/#breadcrumb\",\"itemListElement\":[{\"@type\":\"ListItem\",\"position\":1,\"name\":\"Home\",\"item\":\"https:\/\/www.festivalvedy.sk\/wp2\/\"},{\"@type\":\"ListItem\",\"position\":2,\"name\":\"Vod\u00edkov\u00fd palivov\u00fd \u010dl\u00e1nok\u2013 v\u00fdzva pre automobilov\u00fd priemysel?\"}]},{\"@type\":\"WebSite\",\"@id\":\"https:\/\/www.festivalvedy.sk\/wp2\/#website\",\"url\":\"https:\/\/www.festivalvedy.sk\/wp2\/\",\"name\":\"Festival vedy a techniky AMAVET\",\"description\":\"AMAVET - Asoci\u00e1cia pre ml\u00e1de\u017e, vedu a techniku\",\"publisher\":{\"@id\":\"https:\/\/www.festivalvedy.sk\/wp2\/#organization\"},\"potentialAction\":[{\"@type\":\"SearchAction\",\"target\":{\"@type\":\"EntryPoint\",\"urlTemplate\":\"https:\/\/www.festivalvedy.sk\/wp2\/?s={search_term_string}\"},\"query-input\":{\"@type\":\"PropertyValueSpecification\",\"valueRequired\":true,\"valueName\":\"search_term_string\"}}],\"inLanguage\":\"sk-SK\"},{\"@type\":\"Organization\",\"@id\":\"https:\/\/www.festivalvedy.sk\/wp2\/#organization\",\"name\":\"Festival vedy a techniky AMAVET\",\"url\":\"https:\/\/www.festivalvedy.sk\/wp2\/\",\"logo\":{\"@type\":\"ImageObject\",\"inLanguage\":\"sk-SK\",\"@id\":\"https:\/\/www.festivalvedy.sk\/wp2\/#\/schema\/logo\/image\/\",\"url\":\"https:\/\/www.festivalvedy.sk\/wp2\/wp-content\/uploads\/2022\/02\/cropped-fvat-ochranna-zona.png\",\"contentUrl\":\"https:\/\/www.festivalvedy.sk\/wp2\/wp-content\/uploads\/2022\/02\/cropped-fvat-ochranna-zona.png\",\"width\":1190,\"height\":357,\"caption\":\"Festival vedy a techniky AMAVET\"},\"image\":{\"@id\":\"https:\/\/www.festivalvedy.sk\/wp2\/#\/schema\/logo\/image\/\"}},{\"@type\":\"Person\",\"@id\":\"https:\/\/www.festivalvedy.sk\/wp2\/#\/schema\/person\/f6c2e17170a626260fe38db97ed0a1f5\",\"name\":\"Redakcia\",\"image\":{\"@type\":\"ImageObject\",\"inLanguage\":\"sk-SK\",\"@id\":\"https:\/\/secure.gravatar.com\/avatar\/2f7c312d560e25e8eb59b6b53cadd5dc16b39f25bac1c7d0a221dafd9c91fae9?s=96&d=mm&r=g\",\"url\":\"https:\/\/secure.gravatar.com\/avatar\/2f7c312d560e25e8eb59b6b53cadd5dc16b39f25bac1c7d0a221dafd9c91fae9?s=96&d=mm&r=g\",\"contentUrl\":\"https:\/\/secure.gravatar.com\/avatar\/2f7c312d560e25e8eb59b6b53cadd5dc16b39f25bac1c7d0a221dafd9c91fae9?s=96&d=mm&r=g\",\"caption\":\"Redakcia\"},\"url\":\"https:\/\/www.festivalvedy.sk\/wp2\/author\/fvatadmin\/\"}]}<\/script>\n<!-- \/ Yoast SEO plugin. -->","yoast_head_json":{"title":"Vod\u00edkov\u00fd palivov\u00fd \u010dl\u00e1nok\u2013 v\u00fdzva pre automobilov\u00fd priemysel? - Festival vedy a techniky AMAVET","robots":{"index":"index","follow":"follow","max-snippet":"max-snippet:-1","max-image-preview":"max-image-preview:large","max-video-preview":"max-video-preview:-1"},"canonical":"https:\/\/www.festivalvedy.sk\/wp2\/vodikovy-palivovy-clanok-vyzva-pre-automobilovy-priemysel\/","og_locale":"sk_SK","og_type":"article","og_title":"Vod\u00edkov\u00fd palivov\u00fd \u010dl\u00e1nok\u2013 v\u00fdzva pre automobilov\u00fd priemysel? - Festival vedy a techniky AMAVET","og_description":"Autor\/autori: Peter Tup\u00fd Projekt sa venuje problematike vod\u00edkov\u00e9ho pohonu automobilov. Rie\u0161i n\u00e1hradu klasick\u00e9ho elektrick\u00e9ho pohonu aut\u00ed\u010dka vod\u00edkov\u00fdm palivov\u00fdm \u010dl\u00e1nkom. Z\u00e1rove\u0148 sa zameriava aj na roz\u0161irovanie inform\u00e1ci\u00ed o princ\u00edpe, v\u00fdhod\u00e1ch a nev\u00fdhod\u00e1ch pohonu vod\u00edkov\u00fdm palivov\u00fdm \u010dl\u00e1nkom, ako aj propag\u00e1ciu obnovite\u013en\u00fdch zdrojov energie, rie\u0161enie zni\u017eovania emisi\u00ed v doprave. V s\u00fa\u010dasnosti s\u00fa aut\u00e1 s palivov\u00fdmi \u010dl\u00e1nkami (Fuell Cell [&hellip;]","og_url":"https:\/\/www.festivalvedy.sk\/wp2\/vodikovy-palivovy-clanok-vyzva-pre-automobilovy-priemysel\/","og_site_name":"Festival vedy a techniky AMAVET","article_published_time":"2019-09-18T10:45:42+00:00","author":"Redakcia","twitter_card":"summary_large_image","twitter_misc":{"Autor":"Redakcia","Predpokladan\u00fd \u010das \u010d\u00edtania":"1 min\u00fata"},"schema":{"@context":"https:\/\/schema.org","@graph":[{"@type":"Article","@id":"https:\/\/www.festivalvedy.sk\/wp2\/vodikovy-palivovy-clanok-vyzva-pre-automobilovy-priemysel\/#article","isPartOf":{"@id":"https:\/\/www.festivalvedy.sk\/wp2\/vodikovy-palivovy-clanok-vyzva-pre-automobilovy-priemysel\/"},"author":{"name":"Redakcia","@id":"https:\/\/www.festivalvedy.sk\/wp2\/#\/schema\/person\/f6c2e17170a626260fe38db97ed0a1f5"},"headline":"Vod\u00edkov\u00fd palivov\u00fd \u010dl\u00e1nok\u2013 v\u00fdzva pre automobilov\u00fd priemysel?","datePublished":"2019-09-18T10:45:42+00:00","mainEntityOfPage":{"@id":"https:\/\/www.festivalvedy.sk\/wp2\/vodikovy-palivovy-clanok-vyzva-pre-automobilovy-priemysel\/"},"wordCount":230,"commentCount":0,"publisher":{"@id":"https:\/\/www.festivalvedy.sk\/wp2\/#organization"},"keywords":["2019","Energia a transport"],"articleSection":["Arch\u00edv 2018","Energia a transport"],"inLanguage":"sk-SK"},{"@type":"WebPage","@id":"https:\/\/www.festivalvedy.sk\/wp2\/vodikovy-palivovy-clanok-vyzva-pre-automobilovy-priemysel\/","url":"https:\/\/www.festivalvedy.sk\/wp2\/vodikovy-palivovy-clanok-vyzva-pre-automobilovy-priemysel\/","name":"Vod\u00edkov\u00fd palivov\u00fd \u010dl\u00e1nok\u2013 v\u00fdzva pre automobilov\u00fd priemysel? - Festival vedy a techniky AMAVET","isPartOf":{"@id":"https:\/\/www.festivalvedy.sk\/wp2\/#website"},"datePublished":"2019-09-18T10:45:42+00:00","breadcrumb":{"@id":"https:\/\/www.festivalvedy.sk\/wp2\/vodikovy-palivovy-clanok-vyzva-pre-automobilovy-priemysel\/#breadcrumb"},"inLanguage":"sk-SK","potentialAction":[{"@type":"ReadAction","target":["https:\/\/www.festivalvedy.sk\/wp2\/vodikovy-palivovy-clanok-vyzva-pre-automobilovy-priemysel\/"]}]},{"@type":"BreadcrumbList","@id":"https:\/\/www.festivalvedy.sk\/wp2\/vodikovy-palivovy-clanok-vyzva-pre-automobilovy-priemysel\/#breadcrumb","itemListElement":[{"@type":"ListItem","position":1,"name":"Home","item":"https:\/\/www.festivalvedy.sk\/wp2\/"},{"@type":"ListItem","position":2,"name":"Vod\u00edkov\u00fd palivov\u00fd \u010dl\u00e1nok\u2013 v\u00fdzva pre automobilov\u00fd priemysel?"}]},{"@type":"WebSite","@id":"https:\/\/www.festivalvedy.sk\/wp2\/#website","url":"https:\/\/www.festivalvedy.sk\/wp2\/","name":"Festival vedy a techniky AMAVET","description":"AMAVET - Asoci\u00e1cia pre ml\u00e1de\u017e, vedu a techniku","publisher":{"@id":"https:\/\/www.festivalvedy.sk\/wp2\/#organization"},"potentialAction":[{"@type":"SearchAction","target":{"@type":"EntryPoint","urlTemplate":"https:\/\/www.festivalvedy.sk\/wp2\/?s={search_term_string}"},"query-input":{"@type":"PropertyValueSpecification","valueRequired":true,"valueName":"search_term_string"}}],"inLanguage":"sk-SK"},{"@type":"Organization","@id":"https:\/\/www.festivalvedy.sk\/wp2\/#organization","name":"Festival vedy a techniky AMAVET","url":"https:\/\/www.festivalvedy.sk\/wp2\/","logo":{"@type":"ImageObject","inLanguage":"sk-SK","@id":"https:\/\/www.festivalvedy.sk\/wp2\/#\/schema\/logo\/image\/","url":"https:\/\/www.festivalvedy.sk\/wp2\/wp-content\/uploads\/2022\/02\/cropped-fvat-ochranna-zona.png","contentUrl":"https:\/\/www.festivalvedy.sk\/wp2\/wp-content\/uploads\/2022\/02\/cropped-fvat-ochranna-zona.png","width":1190,"height":357,"caption":"Festival vedy a techniky AMAVET"},"image":{"@id":"https:\/\/www.festivalvedy.sk\/wp2\/#\/schema\/logo\/image\/"}},{"@type":"Person","@id":"https:\/\/www.festivalvedy.sk\/wp2\/#\/schema\/person\/f6c2e17170a626260fe38db97ed0a1f5","name":"Redakcia","image":{"@type":"ImageObject","inLanguage":"sk-SK","@id":"https:\/\/secure.gravatar.com\/avatar\/2f7c312d560e25e8eb59b6b53cadd5dc16b39f25bac1c7d0a221dafd9c91fae9?s=96&d=mm&r=g","url":"https:\/\/secure.gravatar.com\/avatar\/2f7c312d560e25e8eb59b6b53cadd5dc16b39f25bac1c7d0a221dafd9c91fae9?s=96&d=mm&r=g","contentUrl":"https:\/\/secure.gravatar.com\/avatar\/2f7c312d560e25e8eb59b6b53cadd5dc16b39f25bac1c7d0a221dafd9c91fae9?s=96&d=mm&r=g","caption":"Redakcia"},"url":"https:\/\/www.festivalvedy.sk\/wp2\/author\/fvatadmin\/"}]}},"_links":{"self":[{"href":"https:\/\/www.festivalvedy.sk\/wp2\/wp-json\/wp\/v2\/posts\/890","targetHints":{"allow":["GET"]}}],"collection":[{"href":"https:\/\/www.festivalvedy.sk\/wp2\/wp-json\/wp\/v2\/posts"}],"about":[{"href":"https:\/\/www.festivalvedy.sk\/wp2\/wp-json\/wp\/v2\/types\/post"}],"author":[{"embeddable":true,"href":"https:\/\/www.festivalvedy.sk\/wp2\/wp-json\/wp\/v2\/users\/1"}],"replies":[{"embeddable":true,"href":"https:\/\/www.festivalvedy.sk\/wp2\/wp-json\/wp\/v2\/comments?post=890"}],"version-history":[{"count":0,"href":"https:\/\/www.festivalvedy.sk\/wp2\/wp-json\/wp\/v2\/posts\/890\/revisions"}],"wp:attachment":[{"href":"https:\/\/www.festivalvedy.sk\/wp2\/wp-json\/wp\/v2\/media?parent=890"}],"wp:term":[{"taxonomy":"category","embeddable":true,"href":"https:\/\/www.festivalvedy.sk\/wp2\/wp-json\/wp\/v2\/categories?post=890"},{"taxonomy":"post_tag","embeddable":true,"href":"https:\/\/www.festivalvedy.sk\/wp2\/wp-json\/wp\/v2\/tags?post=890"}],"curies":[{"name":"wp","href":"https:\/\/api.w.org\/{rel}","templated":true}]}}