{"id":891,"date":"2019-09-18T12:45:42","date_gmt":"2019-09-18T10:45:42","guid":{"rendered":"https:\/\/www.festivalvedy.sk\/wp2\/pomocka-pre-astronomicke-kruzky\/"},"modified":"2019-09-18T12:45:42","modified_gmt":"2019-09-18T10:45:42","slug":"pomocka-pre-astronomicke-kruzky","status":"publish","type":"post","link":"https:\/\/www.festivalvedy.sk\/wp2\/pomocka-pre-astronomicke-kruzky\/","title":{"rendered":"Pom\u00f4cka pre astronomick\u00e9 kr\u00fa\u017eky"},"content":{"rendered":"<p>Autor\/autori: M\u00e1ria J\u00e1no\u0161\u00edkov\u00e1  <\/p>\n<p>Ak je na astronomickom kr\u00fa\u017eku pou\u017e\u00edvan\u00fd len jeden \u010falekoh\u013ead, vznik\u00e1 probl\u00e9m, \u017ee in\u0161truktor a posluch\u00e1\u010di sa musia pri teleskope strieda\u0165. Toto n\u00e1sledne m\u00f4\u017ee vies\u0165 k \u010fal\u0161\u00edm probl\u00e9mom, ktor\u00e9 negat\u00edvne ovplyv\u0148uj\u00fa pozorovanie. Ke\u010f\u017ee in\u0161truktor nem\u00e1 mo\u017enos\u0165 okam\u017eitej sp\u00e4tnej v\u00e4zby, st\u00e1va sa napr\u00edklad, \u017ee posluch\u00e1\u010d, bez toho aby si to v\u00f4bec uvedomil, pozoruje nespr\u00e1vny objekt, alebo mu pozorovan\u00fd \u00fakaz ujde zo zorn\u00e9ho po\u013ea. V pr\u00edpade, \u017ee s\u00fa dostupn\u00e9 dva samostatn\u00e9 teleskopy, in\u0161truktor m\u00e1 mo\u017enos\u0165 okam\u017eitej sp\u00e4tnej v\u00e4zby. Av\u0161ak pri menej sk\u00fasenom posluch\u00e1\u010dovi, ktor\u00fd obsluhuje svoj \u010falekoh\u013ead s\u00e1m, ost\u00e1vaj\u00fa ostatn\u00e9 probl\u00e9my st\u00e1le nevyrie\u0161en\u00e9. Po rovnakej osobnej sk\u00fasenosti som sa rozhodla navrhn\u00fa\u0165 pom\u00f4cku pre miestny astronomick\u00fd kr\u00fa\u017eok, ktor\u00e1 by tento probl\u00e9m aspo\u0148 \u010diasto\u010dne minimalizovala.<br \/>\nPri kon\u0161trukcii som pou\u017eila dva dostupn\u00e9 rovnocenn\u00e9 reflektory (Newton 114\/900), ktor\u00e9 s\u00fa zos\u00faosen\u00e9 na jednej rovn\u00edkovej mont\u00e1\u017ei. In\u0161truktor sa postav\u00ed k jedn\u00e9mu \u010falekoh\u013eadu, \u017eiak k druh\u00e9mu a spolo\u010dne m\u00f4\u017eu komunikova\u0165 o pozorovanom objekte, pri\u010dom vidia to ist\u00e9. V\u00fdhoda tejto kon\u0161trukcie spo\u010d\u00edva aj v tom, \u017ee in\u0161truktor m\u00e1 pod kontrolou ovl\u00e1danie mont\u00e1\u017ee a posluch\u00e1\u010d sa m\u00f4\u017ee s\u00fastredi\u0165 len na pozorovan\u00fd objekt.<\/p>\n","protected":false},"excerpt":{"rendered":"<p>Autor\/autori: M\u00e1ria J\u00e1no\u0161\u00edkov\u00e1 Ak je na astronomickom kr\u00fa\u017eku pou\u017e\u00edvan\u00fd len jeden \u010falekoh\u013ead, vznik\u00e1 probl\u00e9m, \u017ee in\u0161truktor a posluch\u00e1\u010di sa musia pri teleskope strieda\u0165. Toto n\u00e1sledne m\u00f4\u017ee vies\u0165 k \u010fal\u0161\u00edm probl\u00e9mom, ktor\u00e9 negat\u00edvne ovplyv\u0148uj\u00fa pozorovanie. Ke\u010f\u017ee in\u0161truktor nem\u00e1 mo\u017enos\u0165 okam\u017eitej sp\u00e4tnej v\u00e4zby, st\u00e1va sa napr\u00edklad, \u017ee posluch\u00e1\u010d, bez toho aby si to v\u00f4bec uvedomil, pozoruje nespr\u00e1vny [&hellip;]<\/p>\n","protected":false},"author":1,"featured_media":0,"comment_status":"open","ping_status":"open","sticky":false,"template":"","format":"standard","meta":{"om_disable_all_campaigns":false,"_monsterinsights_skip_tracking":false,"_monsterinsights_sitenote_active":false,"_monsterinsights_sitenote_note":"","_monsterinsights_sitenote_category":0,"_uf_show_specific_survey":0,"_uf_disable_surveys":false,"footnotes":""},"categories":[6,14],"tags":[8,15],"class_list":["post-891","post","type-post","status-publish","format-standard","hentry","category-6","category-fyzika-a-astronomia","tag-8","tag-fyzika-a-astronomia"],"yoast_head":"<!-- This site is optimized with the Yoast SEO plugin v27.2 - https:\/\/yoast.com\/product\/yoast-seo-wordpress\/ -->\n<title>Pom\u00f4cka pre astronomick\u00e9 kr\u00fa\u017eky - Festival vedy a techniky AMAVET<\/title>\n<meta name=\"robots\" content=\"index, follow, max-snippet:-1, max-image-preview:large, max-video-preview:-1\" \/>\n<link rel=\"canonical\" href=\"https:\/\/www.festivalvedy.sk\/wp2\/pomocka-pre-astronomicke-kruzky\/\" \/>\n<meta property=\"og:locale\" content=\"sk_SK\" \/>\n<meta property=\"og:type\" content=\"article\" \/>\n<meta property=\"og:title\" content=\"Pom\u00f4cka pre astronomick\u00e9 kr\u00fa\u017eky - Festival vedy a techniky AMAVET\" \/>\n<meta property=\"og:description\" content=\"Autor\/autori: M\u00e1ria J\u00e1no\u0161\u00edkov\u00e1 Ak je na astronomickom kr\u00fa\u017eku pou\u017e\u00edvan\u00fd len jeden \u010falekoh\u013ead, vznik\u00e1 probl\u00e9m, \u017ee in\u0161truktor a posluch\u00e1\u010di sa musia pri teleskope strieda\u0165. Toto n\u00e1sledne m\u00f4\u017ee vies\u0165 k \u010fal\u0161\u00edm probl\u00e9mom, ktor\u00e9 negat\u00edvne ovplyv\u0148uj\u00fa pozorovanie. Ke\u010f\u017ee in\u0161truktor nem\u00e1 mo\u017enos\u0165 okam\u017eitej sp\u00e4tnej v\u00e4zby, st\u00e1va sa napr\u00edklad, \u017ee posluch\u00e1\u010d, bez toho aby si to v\u00f4bec uvedomil, pozoruje nespr\u00e1vny [&hellip;]\" \/>\n<meta property=\"og:url\" content=\"https:\/\/www.festivalvedy.sk\/wp2\/pomocka-pre-astronomicke-kruzky\/\" \/>\n<meta property=\"og:site_name\" content=\"Festival vedy a techniky AMAVET\" \/>\n<meta property=\"article:published_time\" content=\"2019-09-18T10:45:42+00:00\" \/>\n<meta name=\"author\" content=\"Redakcia\" \/>\n<meta name=\"twitter:card\" content=\"summary_large_image\" \/>\n<meta name=\"twitter:label1\" content=\"Autor\" \/>\n\t<meta name=\"twitter:data1\" content=\"Redakcia\" \/>\n\t<meta name=\"twitter:label2\" content=\"Predpokladan\u00fd \u010das \u010d\u00edtania\" \/>\n\t<meta name=\"twitter:data2\" content=\"1 min\u00fata\" \/>\n<script type=\"application\/ld+json\" class=\"yoast-schema-graph\">{\"@context\":\"https:\/\/schema.org\",\"@graph\":[{\"@type\":\"Article\",\"@id\":\"https:\/\/www.festivalvedy.sk\/wp2\/pomocka-pre-astronomicke-kruzky\/#article\",\"isPartOf\":{\"@id\":\"https:\/\/www.festivalvedy.sk\/wp2\/pomocka-pre-astronomicke-kruzky\/\"},\"author\":{\"name\":\"Redakcia\",\"@id\":\"https:\/\/www.festivalvedy.sk\/wp2\/#\/schema\/person\/f6c2e17170a626260fe38db97ed0a1f5\"},\"headline\":\"Pom\u00f4cka pre astronomick\u00e9 kr\u00fa\u017eky\",\"datePublished\":\"2019-09-18T10:45:42+00:00\",\"mainEntityOfPage\":{\"@id\":\"https:\/\/www.festivalvedy.sk\/wp2\/pomocka-pre-astronomicke-kruzky\/\"},\"wordCount\":246,\"commentCount\":0,\"publisher\":{\"@id\":\"https:\/\/www.festivalvedy.sk\/wp2\/#organization\"},\"keywords\":[\"2019\",\"Fyzika a astron\u00f3mia\"],\"articleSection\":[\"Arch\u00edv 2018\",\"Fyzika a astron\u00f3mia\"],\"inLanguage\":\"sk-SK\"},{\"@type\":\"WebPage\",\"@id\":\"https:\/\/www.festivalvedy.sk\/wp2\/pomocka-pre-astronomicke-kruzky\/\",\"url\":\"https:\/\/www.festivalvedy.sk\/wp2\/pomocka-pre-astronomicke-kruzky\/\",\"name\":\"Pom\u00f4cka pre astronomick\u00e9 kr\u00fa\u017eky - Festival vedy a techniky AMAVET\",\"isPartOf\":{\"@id\":\"https:\/\/www.festivalvedy.sk\/wp2\/#website\"},\"datePublished\":\"2019-09-18T10:45:42+00:00\",\"breadcrumb\":{\"@id\":\"https:\/\/www.festivalvedy.sk\/wp2\/pomocka-pre-astronomicke-kruzky\/#breadcrumb\"},\"inLanguage\":\"sk-SK\",\"potentialAction\":[{\"@type\":\"ReadAction\",\"target\":[\"https:\/\/www.festivalvedy.sk\/wp2\/pomocka-pre-astronomicke-kruzky\/\"]}]},{\"@type\":\"BreadcrumbList\",\"@id\":\"https:\/\/www.festivalvedy.sk\/wp2\/pomocka-pre-astronomicke-kruzky\/#breadcrumb\",\"itemListElement\":[{\"@type\":\"ListItem\",\"position\":1,\"name\":\"Home\",\"item\":\"https:\/\/www.festivalvedy.sk\/wp2\/\"},{\"@type\":\"ListItem\",\"position\":2,\"name\":\"Pom\u00f4cka pre astronomick\u00e9 kr\u00fa\u017eky\"}]},{\"@type\":\"WebSite\",\"@id\":\"https:\/\/www.festivalvedy.sk\/wp2\/#website\",\"url\":\"https:\/\/www.festivalvedy.sk\/wp2\/\",\"name\":\"Festival vedy a techniky AMAVET\",\"description\":\"AMAVET - Asoci\u00e1cia pre ml\u00e1de\u017e, vedu a techniku\",\"publisher\":{\"@id\":\"https:\/\/www.festivalvedy.sk\/wp2\/#organization\"},\"potentialAction\":[{\"@type\":\"SearchAction\",\"target\":{\"@type\":\"EntryPoint\",\"urlTemplate\":\"https:\/\/www.festivalvedy.sk\/wp2\/?s={search_term_string}\"},\"query-input\":{\"@type\":\"PropertyValueSpecification\",\"valueRequired\":true,\"valueName\":\"search_term_string\"}}],\"inLanguage\":\"sk-SK\"},{\"@type\":\"Organization\",\"@id\":\"https:\/\/www.festivalvedy.sk\/wp2\/#organization\",\"name\":\"Festival vedy a techniky AMAVET\",\"url\":\"https:\/\/www.festivalvedy.sk\/wp2\/\",\"logo\":{\"@type\":\"ImageObject\",\"inLanguage\":\"sk-SK\",\"@id\":\"https:\/\/www.festivalvedy.sk\/wp2\/#\/schema\/logo\/image\/\",\"url\":\"https:\/\/www.festivalvedy.sk\/wp2\/wp-content\/uploads\/2022\/02\/cropped-fvat-ochranna-zona.png\",\"contentUrl\":\"https:\/\/www.festivalvedy.sk\/wp2\/wp-content\/uploads\/2022\/02\/cropped-fvat-ochranna-zona.png\",\"width\":1190,\"height\":357,\"caption\":\"Festival vedy a techniky AMAVET\"},\"image\":{\"@id\":\"https:\/\/www.festivalvedy.sk\/wp2\/#\/schema\/logo\/image\/\"}},{\"@type\":\"Person\",\"@id\":\"https:\/\/www.festivalvedy.sk\/wp2\/#\/schema\/person\/f6c2e17170a626260fe38db97ed0a1f5\",\"name\":\"Redakcia\",\"image\":{\"@type\":\"ImageObject\",\"inLanguage\":\"sk-SK\",\"@id\":\"https:\/\/secure.gravatar.com\/avatar\/2f7c312d560e25e8eb59b6b53cadd5dc16b39f25bac1c7d0a221dafd9c91fae9?s=96&d=mm&r=g\",\"url\":\"https:\/\/secure.gravatar.com\/avatar\/2f7c312d560e25e8eb59b6b53cadd5dc16b39f25bac1c7d0a221dafd9c91fae9?s=96&d=mm&r=g\",\"contentUrl\":\"https:\/\/secure.gravatar.com\/avatar\/2f7c312d560e25e8eb59b6b53cadd5dc16b39f25bac1c7d0a221dafd9c91fae9?s=96&d=mm&r=g\",\"caption\":\"Redakcia\"},\"url\":\"https:\/\/www.festivalvedy.sk\/wp2\/author\/fvatadmin\/\"}]}<\/script>\n<!-- \/ Yoast SEO plugin. -->","yoast_head_json":{"title":"Pom\u00f4cka pre astronomick\u00e9 kr\u00fa\u017eky - Festival vedy a techniky AMAVET","robots":{"index":"index","follow":"follow","max-snippet":"max-snippet:-1","max-image-preview":"max-image-preview:large","max-video-preview":"max-video-preview:-1"},"canonical":"https:\/\/www.festivalvedy.sk\/wp2\/pomocka-pre-astronomicke-kruzky\/","og_locale":"sk_SK","og_type":"article","og_title":"Pom\u00f4cka pre astronomick\u00e9 kr\u00fa\u017eky - Festival vedy a techniky AMAVET","og_description":"Autor\/autori: M\u00e1ria J\u00e1no\u0161\u00edkov\u00e1 Ak je na astronomickom kr\u00fa\u017eku pou\u017e\u00edvan\u00fd len jeden \u010falekoh\u013ead, vznik\u00e1 probl\u00e9m, \u017ee in\u0161truktor a posluch\u00e1\u010di sa musia pri teleskope strieda\u0165. Toto n\u00e1sledne m\u00f4\u017ee vies\u0165 k \u010fal\u0161\u00edm probl\u00e9mom, ktor\u00e9 negat\u00edvne ovplyv\u0148uj\u00fa pozorovanie. Ke\u010f\u017ee in\u0161truktor nem\u00e1 mo\u017enos\u0165 okam\u017eitej sp\u00e4tnej v\u00e4zby, st\u00e1va sa napr\u00edklad, \u017ee posluch\u00e1\u010d, bez toho aby si to v\u00f4bec uvedomil, pozoruje nespr\u00e1vny [&hellip;]","og_url":"https:\/\/www.festivalvedy.sk\/wp2\/pomocka-pre-astronomicke-kruzky\/","og_site_name":"Festival vedy a techniky AMAVET","article_published_time":"2019-09-18T10:45:42+00:00","author":"Redakcia","twitter_card":"summary_large_image","twitter_misc":{"Autor":"Redakcia","Predpokladan\u00fd \u010das \u010d\u00edtania":"1 min\u00fata"},"schema":{"@context":"https:\/\/schema.org","@graph":[{"@type":"Article","@id":"https:\/\/www.festivalvedy.sk\/wp2\/pomocka-pre-astronomicke-kruzky\/#article","isPartOf":{"@id":"https:\/\/www.festivalvedy.sk\/wp2\/pomocka-pre-astronomicke-kruzky\/"},"author":{"name":"Redakcia","@id":"https:\/\/www.festivalvedy.sk\/wp2\/#\/schema\/person\/f6c2e17170a626260fe38db97ed0a1f5"},"headline":"Pom\u00f4cka pre astronomick\u00e9 kr\u00fa\u017eky","datePublished":"2019-09-18T10:45:42+00:00","mainEntityOfPage":{"@id":"https:\/\/www.festivalvedy.sk\/wp2\/pomocka-pre-astronomicke-kruzky\/"},"wordCount":246,"commentCount":0,"publisher":{"@id":"https:\/\/www.festivalvedy.sk\/wp2\/#organization"},"keywords":["2019","Fyzika a astron\u00f3mia"],"articleSection":["Arch\u00edv 2018","Fyzika a astron\u00f3mia"],"inLanguage":"sk-SK"},{"@type":"WebPage","@id":"https:\/\/www.festivalvedy.sk\/wp2\/pomocka-pre-astronomicke-kruzky\/","url":"https:\/\/www.festivalvedy.sk\/wp2\/pomocka-pre-astronomicke-kruzky\/","name":"Pom\u00f4cka pre astronomick\u00e9 kr\u00fa\u017eky - Festival vedy a techniky AMAVET","isPartOf":{"@id":"https:\/\/www.festivalvedy.sk\/wp2\/#website"},"datePublished":"2019-09-18T10:45:42+00:00","breadcrumb":{"@id":"https:\/\/www.festivalvedy.sk\/wp2\/pomocka-pre-astronomicke-kruzky\/#breadcrumb"},"inLanguage":"sk-SK","potentialAction":[{"@type":"ReadAction","target":["https:\/\/www.festivalvedy.sk\/wp2\/pomocka-pre-astronomicke-kruzky\/"]}]},{"@type":"BreadcrumbList","@id":"https:\/\/www.festivalvedy.sk\/wp2\/pomocka-pre-astronomicke-kruzky\/#breadcrumb","itemListElement":[{"@type":"ListItem","position":1,"name":"Home","item":"https:\/\/www.festivalvedy.sk\/wp2\/"},{"@type":"ListItem","position":2,"name":"Pom\u00f4cka pre astronomick\u00e9 kr\u00fa\u017eky"}]},{"@type":"WebSite","@id":"https:\/\/www.festivalvedy.sk\/wp2\/#website","url":"https:\/\/www.festivalvedy.sk\/wp2\/","name":"Festival vedy a techniky AMAVET","description":"AMAVET - Asoci\u00e1cia pre ml\u00e1de\u017e, vedu a techniku","publisher":{"@id":"https:\/\/www.festivalvedy.sk\/wp2\/#organization"},"potentialAction":[{"@type":"SearchAction","target":{"@type":"EntryPoint","urlTemplate":"https:\/\/www.festivalvedy.sk\/wp2\/?s={search_term_string}"},"query-input":{"@type":"PropertyValueSpecification","valueRequired":true,"valueName":"search_term_string"}}],"inLanguage":"sk-SK"},{"@type":"Organization","@id":"https:\/\/www.festivalvedy.sk\/wp2\/#organization","name":"Festival vedy a techniky AMAVET","url":"https:\/\/www.festivalvedy.sk\/wp2\/","logo":{"@type":"ImageObject","inLanguage":"sk-SK","@id":"https:\/\/www.festivalvedy.sk\/wp2\/#\/schema\/logo\/image\/","url":"https:\/\/www.festivalvedy.sk\/wp2\/wp-content\/uploads\/2022\/02\/cropped-fvat-ochranna-zona.png","contentUrl":"https:\/\/www.festivalvedy.sk\/wp2\/wp-content\/uploads\/2022\/02\/cropped-fvat-ochranna-zona.png","width":1190,"height":357,"caption":"Festival vedy a techniky AMAVET"},"image":{"@id":"https:\/\/www.festivalvedy.sk\/wp2\/#\/schema\/logo\/image\/"}},{"@type":"Person","@id":"https:\/\/www.festivalvedy.sk\/wp2\/#\/schema\/person\/f6c2e17170a626260fe38db97ed0a1f5","name":"Redakcia","image":{"@type":"ImageObject","inLanguage":"sk-SK","@id":"https:\/\/secure.gravatar.com\/avatar\/2f7c312d560e25e8eb59b6b53cadd5dc16b39f25bac1c7d0a221dafd9c91fae9?s=96&d=mm&r=g","url":"https:\/\/secure.gravatar.com\/avatar\/2f7c312d560e25e8eb59b6b53cadd5dc16b39f25bac1c7d0a221dafd9c91fae9?s=96&d=mm&r=g","contentUrl":"https:\/\/secure.gravatar.com\/avatar\/2f7c312d560e25e8eb59b6b53cadd5dc16b39f25bac1c7d0a221dafd9c91fae9?s=96&d=mm&r=g","caption":"Redakcia"},"url":"https:\/\/www.festivalvedy.sk\/wp2\/author\/fvatadmin\/"}]}},"_links":{"self":[{"href":"https:\/\/www.festivalvedy.sk\/wp2\/wp-json\/wp\/v2\/posts\/891","targetHints":{"allow":["GET"]}}],"collection":[{"href":"https:\/\/www.festivalvedy.sk\/wp2\/wp-json\/wp\/v2\/posts"}],"about":[{"href":"https:\/\/www.festivalvedy.sk\/wp2\/wp-json\/wp\/v2\/types\/post"}],"author":[{"embeddable":true,"href":"https:\/\/www.festivalvedy.sk\/wp2\/wp-json\/wp\/v2\/users\/1"}],"replies":[{"embeddable":true,"href":"https:\/\/www.festivalvedy.sk\/wp2\/wp-json\/wp\/v2\/comments?post=891"}],"version-history":[{"count":0,"href":"https:\/\/www.festivalvedy.sk\/wp2\/wp-json\/wp\/v2\/posts\/891\/revisions"}],"wp:attachment":[{"href":"https:\/\/www.festivalvedy.sk\/wp2\/wp-json\/wp\/v2\/media?parent=891"}],"wp:term":[{"taxonomy":"category","embeddable":true,"href":"https:\/\/www.festivalvedy.sk\/wp2\/wp-json\/wp\/v2\/categories?post=891"},{"taxonomy":"post_tag","embeddable":true,"href":"https:\/\/www.festivalvedy.sk\/wp2\/wp-json\/wp\/v2\/tags?post=891"}],"curies":[{"name":"wp","href":"https:\/\/api.w.org\/{rel}","templated":true}]}}