{"id":893,"date":"2019-09-18T12:45:42","date_gmt":"2019-09-18T10:45:42","guid":{"rendered":"https:\/\/www.festivalvedy.sk\/wp2\/mednenahradis\/"},"modified":"2019-09-18T12:45:42","modified_gmt":"2019-09-18T10:45:42","slug":"mednenahradis","status":"publish","type":"post","link":"https:\/\/www.festivalvedy.sk\/wp2\/mednenahradis\/","title":{"rendered":"MedNenahrad\u00ed\u0161"},"content":{"rendered":"<p>Autor\/autori: Mari\u00e1n Morav\u010d\u00edk  <\/p>\n<p>\u013dudstvo \u010del\u00ed hromadn\u00e9mu vymieraniu v\u010diel, ktor\u00e9 sa st\u00e1va glob\u00e1lnym probl\u00e9mom, ke\u010f\u017ee existencia samotn\u00e9ho \u013eudstva je z\u00e1visl\u00e1 na t\u00fdchto v\u00fdnimo\u010dn\u00fdch ope\u013eova\u010doch. V Eur\u00f3pe za posledn\u00fdch 30 rokov klesol ich celkov\u00fd po\u010det o viac ako polovicu. Tento probl\u00e9m sa rozhodlo rie\u0161i\u0165 viacero projektov, no \u017eia\u013e bez v\u00fdznamnej\u0161ieho \u00faspechu. Aby sme zabr\u00e1nili neust\u00e1lemu vymieraniu v\u010diel, mus\u00ed by\u0165 v\u010del\u00e1rstvo podporovan\u00e9 a rozv\u00edjan\u00e9. Navrhli sme teda vlastn\u00fd populariza\u010dn\u00fd syst\u00e9m, ktor\u00fd dok\u00e1\u017ee v priebehu nasleduj\u00facich p\u00e1r rokov v\u00fdrazne zv\u00fd\u0161i\u0165 po\u010det v\u010diel na \u00fazem\u00ed Slovenskej republiky. Hlavnou platformou n\u00e1\u0161ho projektu je webov\u00e1 str\u00e1nka \u201emednenahradis.sk\u201c, ktor\u00e1 poskytuje z\u00e1ujemcom preh\u013ead nielen o na\u0161om projekte ale prioritne o samotnom v\u010de\u013eom mede. V\u010faka efekt\u00edvnej informovanosti a motiv\u00e1ci\u00ed verejnosti prostredn\u00edctvom atrakt\u00edvnej webovej str\u00e1nky, ktor\u00e1 predstavuje v\u010del\u00ed med v novom svetle, dok\u00e1\u017eeme podpori\u0165 slovensk\u00fdch v\u010del\u00e1rov prostredn\u00edctvom zv\u00fd\u0161enia odberu kvalitn\u00e9ho medu na \u00fazem\u00ed cel\u00e9ho Slovenska. T\u00fdm s\u00fa\u010dasne motivujeme mlad\u00fdch \u013eud\u00ed ku v\u010del\u00e1reniu a propagujeme zdrav\u00fd \u017eivotn\u00fd \u0161t\u00fdl spolu s pravdepodobn\u00fdm zn\u00ed\u017een\u00edm v\u00fdskytu ochoren\u00ed na Slovensku. Z\u00e1kladom na\u0161ej pr\u00e1ce je na\u0161a stredo\u0161kolsk\u00e1 odborn\u00e1 \u010dinnos\u0165 s n\u00e1zvom: V\u010dely a v\u010del\u00ed med ako zdravie podporuj\u00faci produkt, ktor\u00e1 bola celo\u0161t\u00e1tne ocenen\u00e1 v roku 2018. T\u00e1to pr\u00e1ca vych\u00e1dza z mnoh\u00fdch vedeck\u00fdch \u0161t\u00fadi\u00ed a publik\u00e1ci\u00ed v r\u00e1mci celej Eur\u00f3py. Dospeli sme k z\u00e1verom, \u017ee tento probl\u00e9m je nutn\u00e9 neodkladne rie\u0161i\u0165 novou efekt\u00edvnou formou.<\/p>\n","protected":false},"excerpt":{"rendered":"<p>Autor\/autori: Mari\u00e1n Morav\u010d\u00edk \u013dudstvo \u010del\u00ed hromadn\u00e9mu vymieraniu v\u010diel, ktor\u00e9 sa st\u00e1va glob\u00e1lnym probl\u00e9mom, ke\u010f\u017ee existencia samotn\u00e9ho \u013eudstva je z\u00e1visl\u00e1 na t\u00fdchto v\u00fdnimo\u010dn\u00fdch ope\u013eova\u010doch. V Eur\u00f3pe za posledn\u00fdch 30 rokov klesol ich celkov\u00fd po\u010det o viac ako polovicu. Tento probl\u00e9m sa rozhodlo rie\u0161i\u0165 viacero projektov, no \u017eia\u013e bez v\u00fdznamnej\u0161ieho \u00faspechu. Aby sme zabr\u00e1nili neust\u00e1lemu vymieraniu v\u010diel, [&hellip;]<\/p>\n","protected":false},"author":1,"featured_media":0,"comment_status":"open","ping_status":"open","sticky":false,"template":"","format":"standard","meta":{"om_disable_all_campaigns":false,"_monsterinsights_skip_tracking":false,"_monsterinsights_sitenote_active":false,"_monsterinsights_sitenote_note":"","_monsterinsights_sitenote_category":0,"_uf_show_specific_survey":0,"_uf_disable_surveys":false,"footnotes":""},"categories":[6,16],"tags":[8,17],"class_list":["post-893","post","type-post","status-publish","format-standard","hentry","category-6","category-environmentalne-vedy","tag-8","tag-environmentalne-vedy"],"yoast_head":"<!-- This site is optimized with the Yoast SEO plugin v27.2 - https:\/\/yoast.com\/product\/yoast-seo-wordpress\/ -->\n<title>MedNenahrad\u00ed\u0161 - Festival vedy a techniky AMAVET<\/title>\n<meta name=\"robots\" content=\"index, follow, max-snippet:-1, max-image-preview:large, max-video-preview:-1\" \/>\n<link rel=\"canonical\" href=\"https:\/\/www.festivalvedy.sk\/wp2\/mednenahradis\/\" \/>\n<meta property=\"og:locale\" content=\"sk_SK\" \/>\n<meta property=\"og:type\" content=\"article\" \/>\n<meta property=\"og:title\" content=\"MedNenahrad\u00ed\u0161 - Festival vedy a techniky AMAVET\" \/>\n<meta property=\"og:description\" content=\"Autor\/autori: Mari\u00e1n Morav\u010d\u00edk \u013dudstvo \u010del\u00ed hromadn\u00e9mu vymieraniu v\u010diel, ktor\u00e9 sa st\u00e1va glob\u00e1lnym probl\u00e9mom, ke\u010f\u017ee existencia samotn\u00e9ho \u013eudstva je z\u00e1visl\u00e1 na t\u00fdchto v\u00fdnimo\u010dn\u00fdch ope\u013eova\u010doch. V Eur\u00f3pe za posledn\u00fdch 30 rokov klesol ich celkov\u00fd po\u010det o viac ako polovicu. Tento probl\u00e9m sa rozhodlo rie\u0161i\u0165 viacero projektov, no \u017eia\u013e bez v\u00fdznamnej\u0161ieho \u00faspechu. Aby sme zabr\u00e1nili neust\u00e1lemu vymieraniu v\u010diel, [&hellip;]\" \/>\n<meta property=\"og:url\" content=\"https:\/\/www.festivalvedy.sk\/wp2\/mednenahradis\/\" \/>\n<meta property=\"og:site_name\" content=\"Festival vedy a techniky AMAVET\" \/>\n<meta property=\"article:published_time\" content=\"2019-09-18T10:45:42+00:00\" \/>\n<meta name=\"author\" content=\"Redakcia\" \/>\n<meta name=\"twitter:card\" content=\"summary_large_image\" \/>\n<meta name=\"twitter:label1\" content=\"Autor\" \/>\n\t<meta name=\"twitter:data1\" content=\"Redakcia\" \/>\n\t<meta name=\"twitter:label2\" content=\"Predpokladan\u00fd \u010das \u010d\u00edtania\" \/>\n\t<meta name=\"twitter:data2\" content=\"2 min\u00faty\" \/>\n<script type=\"application\/ld+json\" class=\"yoast-schema-graph\">{\"@context\":\"https:\/\/schema.org\",\"@graph\":[{\"@type\":\"Article\",\"@id\":\"https:\/\/www.festivalvedy.sk\/wp2\/mednenahradis\/#article\",\"isPartOf\":{\"@id\":\"https:\/\/www.festivalvedy.sk\/wp2\/mednenahradis\/\"},\"author\":{\"name\":\"Redakcia\",\"@id\":\"https:\/\/www.festivalvedy.sk\/wp2\/#\/schema\/person\/f6c2e17170a626260fe38db97ed0a1f5\"},\"headline\":\"MedNenahrad\u00ed\u0161\",\"datePublished\":\"2019-09-18T10:45:42+00:00\",\"mainEntityOfPage\":{\"@id\":\"https:\/\/www.festivalvedy.sk\/wp2\/mednenahradis\/\"},\"wordCount\":301,\"commentCount\":0,\"publisher\":{\"@id\":\"https:\/\/www.festivalvedy.sk\/wp2\/#organization\"},\"keywords\":[\"2019\",\"Environment\u00e1lne vedy\"],\"articleSection\":[\"Arch\u00edv 2018\",\"Environment\u00e1lne vedy\"],\"inLanguage\":\"sk-SK\"},{\"@type\":\"WebPage\",\"@id\":\"https:\/\/www.festivalvedy.sk\/wp2\/mednenahradis\/\",\"url\":\"https:\/\/www.festivalvedy.sk\/wp2\/mednenahradis\/\",\"name\":\"MedNenahrad\u00ed\u0161 - Festival vedy a techniky AMAVET\",\"isPartOf\":{\"@id\":\"https:\/\/www.festivalvedy.sk\/wp2\/#website\"},\"datePublished\":\"2019-09-18T10:45:42+00:00\",\"breadcrumb\":{\"@id\":\"https:\/\/www.festivalvedy.sk\/wp2\/mednenahradis\/#breadcrumb\"},\"inLanguage\":\"sk-SK\",\"potentialAction\":[{\"@type\":\"ReadAction\",\"target\":[\"https:\/\/www.festivalvedy.sk\/wp2\/mednenahradis\/\"]}]},{\"@type\":\"BreadcrumbList\",\"@id\":\"https:\/\/www.festivalvedy.sk\/wp2\/mednenahradis\/#breadcrumb\",\"itemListElement\":[{\"@type\":\"ListItem\",\"position\":1,\"name\":\"Home\",\"item\":\"https:\/\/www.festivalvedy.sk\/wp2\/\"},{\"@type\":\"ListItem\",\"position\":2,\"name\":\"MedNenahrad\u00ed\u0161\"}]},{\"@type\":\"WebSite\",\"@id\":\"https:\/\/www.festivalvedy.sk\/wp2\/#website\",\"url\":\"https:\/\/www.festivalvedy.sk\/wp2\/\",\"name\":\"Festival vedy a techniky AMAVET\",\"description\":\"AMAVET - Asoci\u00e1cia pre ml\u00e1de\u017e, vedu a techniku\",\"publisher\":{\"@id\":\"https:\/\/www.festivalvedy.sk\/wp2\/#organization\"},\"potentialAction\":[{\"@type\":\"SearchAction\",\"target\":{\"@type\":\"EntryPoint\",\"urlTemplate\":\"https:\/\/www.festivalvedy.sk\/wp2\/?s={search_term_string}\"},\"query-input\":{\"@type\":\"PropertyValueSpecification\",\"valueRequired\":true,\"valueName\":\"search_term_string\"}}],\"inLanguage\":\"sk-SK\"},{\"@type\":\"Organization\",\"@id\":\"https:\/\/www.festivalvedy.sk\/wp2\/#organization\",\"name\":\"Festival vedy a techniky AMAVET\",\"url\":\"https:\/\/www.festivalvedy.sk\/wp2\/\",\"logo\":{\"@type\":\"ImageObject\",\"inLanguage\":\"sk-SK\",\"@id\":\"https:\/\/www.festivalvedy.sk\/wp2\/#\/schema\/logo\/image\/\",\"url\":\"https:\/\/www.festivalvedy.sk\/wp2\/wp-content\/uploads\/2022\/02\/cropped-fvat-ochranna-zona.png\",\"contentUrl\":\"https:\/\/www.festivalvedy.sk\/wp2\/wp-content\/uploads\/2022\/02\/cropped-fvat-ochranna-zona.png\",\"width\":1190,\"height\":357,\"caption\":\"Festival vedy a techniky AMAVET\"},\"image\":{\"@id\":\"https:\/\/www.festivalvedy.sk\/wp2\/#\/schema\/logo\/image\/\"}},{\"@type\":\"Person\",\"@id\":\"https:\/\/www.festivalvedy.sk\/wp2\/#\/schema\/person\/f6c2e17170a626260fe38db97ed0a1f5\",\"name\":\"Redakcia\",\"image\":{\"@type\":\"ImageObject\",\"inLanguage\":\"sk-SK\",\"@id\":\"https:\/\/secure.gravatar.com\/avatar\/2f7c312d560e25e8eb59b6b53cadd5dc16b39f25bac1c7d0a221dafd9c91fae9?s=96&d=mm&r=g\",\"url\":\"https:\/\/secure.gravatar.com\/avatar\/2f7c312d560e25e8eb59b6b53cadd5dc16b39f25bac1c7d0a221dafd9c91fae9?s=96&d=mm&r=g\",\"contentUrl\":\"https:\/\/secure.gravatar.com\/avatar\/2f7c312d560e25e8eb59b6b53cadd5dc16b39f25bac1c7d0a221dafd9c91fae9?s=96&d=mm&r=g\",\"caption\":\"Redakcia\"},\"url\":\"https:\/\/www.festivalvedy.sk\/wp2\/author\/fvatadmin\/\"}]}<\/script>\n<!-- \/ Yoast SEO plugin. -->","yoast_head_json":{"title":"MedNenahrad\u00ed\u0161 - Festival vedy a techniky AMAVET","robots":{"index":"index","follow":"follow","max-snippet":"max-snippet:-1","max-image-preview":"max-image-preview:large","max-video-preview":"max-video-preview:-1"},"canonical":"https:\/\/www.festivalvedy.sk\/wp2\/mednenahradis\/","og_locale":"sk_SK","og_type":"article","og_title":"MedNenahrad\u00ed\u0161 - Festival vedy a techniky AMAVET","og_description":"Autor\/autori: Mari\u00e1n Morav\u010d\u00edk \u013dudstvo \u010del\u00ed hromadn\u00e9mu vymieraniu v\u010diel, ktor\u00e9 sa st\u00e1va glob\u00e1lnym probl\u00e9mom, ke\u010f\u017ee existencia samotn\u00e9ho \u013eudstva je z\u00e1visl\u00e1 na t\u00fdchto v\u00fdnimo\u010dn\u00fdch ope\u013eova\u010doch. V Eur\u00f3pe za posledn\u00fdch 30 rokov klesol ich celkov\u00fd po\u010det o viac ako polovicu. Tento probl\u00e9m sa rozhodlo rie\u0161i\u0165 viacero projektov, no \u017eia\u013e bez v\u00fdznamnej\u0161ieho \u00faspechu. Aby sme zabr\u00e1nili neust\u00e1lemu vymieraniu v\u010diel, [&hellip;]","og_url":"https:\/\/www.festivalvedy.sk\/wp2\/mednenahradis\/","og_site_name":"Festival vedy a techniky AMAVET","article_published_time":"2019-09-18T10:45:42+00:00","author":"Redakcia","twitter_card":"summary_large_image","twitter_misc":{"Autor":"Redakcia","Predpokladan\u00fd \u010das \u010d\u00edtania":"2 min\u00faty"},"schema":{"@context":"https:\/\/schema.org","@graph":[{"@type":"Article","@id":"https:\/\/www.festivalvedy.sk\/wp2\/mednenahradis\/#article","isPartOf":{"@id":"https:\/\/www.festivalvedy.sk\/wp2\/mednenahradis\/"},"author":{"name":"Redakcia","@id":"https:\/\/www.festivalvedy.sk\/wp2\/#\/schema\/person\/f6c2e17170a626260fe38db97ed0a1f5"},"headline":"MedNenahrad\u00ed\u0161","datePublished":"2019-09-18T10:45:42+00:00","mainEntityOfPage":{"@id":"https:\/\/www.festivalvedy.sk\/wp2\/mednenahradis\/"},"wordCount":301,"commentCount":0,"publisher":{"@id":"https:\/\/www.festivalvedy.sk\/wp2\/#organization"},"keywords":["2019","Environment\u00e1lne vedy"],"articleSection":["Arch\u00edv 2018","Environment\u00e1lne vedy"],"inLanguage":"sk-SK"},{"@type":"WebPage","@id":"https:\/\/www.festivalvedy.sk\/wp2\/mednenahradis\/","url":"https:\/\/www.festivalvedy.sk\/wp2\/mednenahradis\/","name":"MedNenahrad\u00ed\u0161 - Festival vedy a techniky AMAVET","isPartOf":{"@id":"https:\/\/www.festivalvedy.sk\/wp2\/#website"},"datePublished":"2019-09-18T10:45:42+00:00","breadcrumb":{"@id":"https:\/\/www.festivalvedy.sk\/wp2\/mednenahradis\/#breadcrumb"},"inLanguage":"sk-SK","potentialAction":[{"@type":"ReadAction","target":["https:\/\/www.festivalvedy.sk\/wp2\/mednenahradis\/"]}]},{"@type":"BreadcrumbList","@id":"https:\/\/www.festivalvedy.sk\/wp2\/mednenahradis\/#breadcrumb","itemListElement":[{"@type":"ListItem","position":1,"name":"Home","item":"https:\/\/www.festivalvedy.sk\/wp2\/"},{"@type":"ListItem","position":2,"name":"MedNenahrad\u00ed\u0161"}]},{"@type":"WebSite","@id":"https:\/\/www.festivalvedy.sk\/wp2\/#website","url":"https:\/\/www.festivalvedy.sk\/wp2\/","name":"Festival vedy a techniky AMAVET","description":"AMAVET - Asoci\u00e1cia pre ml\u00e1de\u017e, vedu a techniku","publisher":{"@id":"https:\/\/www.festivalvedy.sk\/wp2\/#organization"},"potentialAction":[{"@type":"SearchAction","target":{"@type":"EntryPoint","urlTemplate":"https:\/\/www.festivalvedy.sk\/wp2\/?s={search_term_string}"},"query-input":{"@type":"PropertyValueSpecification","valueRequired":true,"valueName":"search_term_string"}}],"inLanguage":"sk-SK"},{"@type":"Organization","@id":"https:\/\/www.festivalvedy.sk\/wp2\/#organization","name":"Festival vedy a techniky AMAVET","url":"https:\/\/www.festivalvedy.sk\/wp2\/","logo":{"@type":"ImageObject","inLanguage":"sk-SK","@id":"https:\/\/www.festivalvedy.sk\/wp2\/#\/schema\/logo\/image\/","url":"https:\/\/www.festivalvedy.sk\/wp2\/wp-content\/uploads\/2022\/02\/cropped-fvat-ochranna-zona.png","contentUrl":"https:\/\/www.festivalvedy.sk\/wp2\/wp-content\/uploads\/2022\/02\/cropped-fvat-ochranna-zona.png","width":1190,"height":357,"caption":"Festival vedy a techniky AMAVET"},"image":{"@id":"https:\/\/www.festivalvedy.sk\/wp2\/#\/schema\/logo\/image\/"}},{"@type":"Person","@id":"https:\/\/www.festivalvedy.sk\/wp2\/#\/schema\/person\/f6c2e17170a626260fe38db97ed0a1f5","name":"Redakcia","image":{"@type":"ImageObject","inLanguage":"sk-SK","@id":"https:\/\/secure.gravatar.com\/avatar\/2f7c312d560e25e8eb59b6b53cadd5dc16b39f25bac1c7d0a221dafd9c91fae9?s=96&d=mm&r=g","url":"https:\/\/secure.gravatar.com\/avatar\/2f7c312d560e25e8eb59b6b53cadd5dc16b39f25bac1c7d0a221dafd9c91fae9?s=96&d=mm&r=g","contentUrl":"https:\/\/secure.gravatar.com\/avatar\/2f7c312d560e25e8eb59b6b53cadd5dc16b39f25bac1c7d0a221dafd9c91fae9?s=96&d=mm&r=g","caption":"Redakcia"},"url":"https:\/\/www.festivalvedy.sk\/wp2\/author\/fvatadmin\/"}]}},"_links":{"self":[{"href":"https:\/\/www.festivalvedy.sk\/wp2\/wp-json\/wp\/v2\/posts\/893","targetHints":{"allow":["GET"]}}],"collection":[{"href":"https:\/\/www.festivalvedy.sk\/wp2\/wp-json\/wp\/v2\/posts"}],"about":[{"href":"https:\/\/www.festivalvedy.sk\/wp2\/wp-json\/wp\/v2\/types\/post"}],"author":[{"embeddable":true,"href":"https:\/\/www.festivalvedy.sk\/wp2\/wp-json\/wp\/v2\/users\/1"}],"replies":[{"embeddable":true,"href":"https:\/\/www.festivalvedy.sk\/wp2\/wp-json\/wp\/v2\/comments?post=893"}],"version-history":[{"count":0,"href":"https:\/\/www.festivalvedy.sk\/wp2\/wp-json\/wp\/v2\/posts\/893\/revisions"}],"wp:attachment":[{"href":"https:\/\/www.festivalvedy.sk\/wp2\/wp-json\/wp\/v2\/media?parent=893"}],"wp:term":[{"taxonomy":"category","embeddable":true,"href":"https:\/\/www.festivalvedy.sk\/wp2\/wp-json\/wp\/v2\/categories?post=893"},{"taxonomy":"post_tag","embeddable":true,"href":"https:\/\/www.festivalvedy.sk\/wp2\/wp-json\/wp\/v2\/tags?post=893"}],"curies":[{"name":"wp","href":"https:\/\/api.w.org\/{rel}","templated":true}]}}