{"id":896,"date":"2019-09-18T12:45:42","date_gmt":"2019-09-18T10:45:42","guid":{"rendered":"https:\/\/www.festivalvedy.sk\/wp2\/inteligentne-auticko\/"},"modified":"2019-09-18T12:45:42","modified_gmt":"2019-09-18T10:45:42","slug":"inteligentne-auticko","status":"publish","type":"post","link":"https:\/\/www.festivalvedy.sk\/wp2\/inteligentne-auticko\/","title":{"rendered":"Inteligentn\u00e9 aut\u00ed\u010dko"},"content":{"rendered":"<p>Autor\/autori: Matej Bohu\u0161  <\/p>\n<p>Elektronika, po\u010d\u00edta\u010de ma v\u017edy zauj\u00edmala. V klube amavet686 som mal mo\u017enos\u0165 sa tejto z\u00e1\u013eube venova\u0165. Ne\u0161lo iba o rozpr\u00e1vanie sa o tom, kto sa ako \u010faleko dostal v nejakej hre. Rozhodol som sa postavi\u0165 aut\u00ed\u010dko, ktor\u00e9 by sa dok\u00e1zalo samo pohybova\u0165 po ur\u010denej trase, vyh\u00fdba\u0165 sa prek\u00e1\u017ekam.<br \/>\nPrv\u00e9 boli DIY Intelligent Tracking Obstacle Avoidance IR Smart Car Kit kde bol pou\u017eit\u00fd \u010dip mikrokontroleru STC.<br \/>\nSmart Car Kit Bluetooth Remote Control Gravity Sensing Tracing Obstacle Avoidance. Jedno\u010dipov\u00fd mikropo\u010d\u00edta\u010d ako jadro, prostredn\u00edctvom programov\u00e9ho riadenia obsahuje sledovanie, vyh\u00fdbanie sa prek\u00e1\u017ekam. Automobil je so s\u00e9riov\u00fdm rozhran\u00edm prostredn\u00edctvom pripojenia modulu Bluetooth na dosiahnutie funkcie bezdr\u00f4tov\u00e9ho dia\u013ekov\u00e9ho ovl\u00e1dania.<br \/>\nRobot Starter Kit je platforma zalo\u017een\u00e1 na Arduino Robotics. Po zvl\u00e1dnut\u00ed mont\u00e1\u017ee som sa nau\u010dil pracova\u0165 s Arduino, senzoromi, infra\u010derven\u00fdm dia\u013ekov\u00fdm ovl\u00e1dan\u00edm, Bluetooth komunik\u00e1ciou a vyh\u00fdban\u00edm sa prek\u00e1\u017ekam.<br \/>\nSmart Car je aplika\u010dn\u00fd v\u00fdvojov\u00fd syst\u00e9m zalo\u017een\u00fd na Atmege328. Kompletn\u00e9 sledovanie, vyh\u00fdbanie sa prek\u00e1\u017ekam, infra\u010derven\u00e9 dia\u013ekov\u00e9 ovl\u00e1danie a funkcie dia\u013ekov\u00e9ho ovl\u00e1dania Bluetooth. Obsahuj\u00fa mno\u017estvo zauj\u00edmav\u00fdch roz\u0161iruj\u00facich modulov, \u010d\u00edm zvy\u0161uj\u00fa funkciu pou\u017e\u00edvania automobilu.<br \/>\nPosledn\u00fdm vystavovan\u00fdm je Arduino 4WD Robot Car Kit Autonomous IR Obstacle Avoid Line Tracking Android.<br \/>\nOvl\u00e1danie Bluetooth, zamedzenie prek\u00e1\u017eok, IR dia\u013ekov\u00e9 ovl\u00e1danie a sledovanie trate. Svojou pr\u00e1cou som zistil princ\u00edp fungovania algoritmov a d\u00f4le\u017eitos\u0165 zdokona\u013eovania programu zariadenia. Moment\u00e1lne nav\u0161tevujem Stredn\u00fa priemyseln\u00fa \u0161kolu informa\u010dn\u00fdch technol\u00f3gi\u00ed ale v\u0161etku pr\u00e1cu som robil e\u0161te v mojej p\u00f4vodnej z\u00e1kladnej \u0161kole v klube Amavet686.<\/p>\n","protected":false},"excerpt":{"rendered":"<p>Autor\/autori: Matej Bohu\u0161 Elektronika, po\u010d\u00edta\u010de ma v\u017edy zauj\u00edmala. V klube amavet686 som mal mo\u017enos\u0165 sa tejto z\u00e1\u013eube venova\u0165. Ne\u0161lo iba o rozpr\u00e1vanie sa o tom, kto sa ako \u010faleko dostal v nejakej hre. Rozhodol som sa postavi\u0165 aut\u00ed\u010dko, ktor\u00e9 by sa dok\u00e1zalo samo pohybova\u0165 po ur\u010denej trase, vyh\u00fdba\u0165 sa prek\u00e1\u017ekam. Prv\u00e9 boli DIY Intelligent Tracking [&hellip;]<\/p>\n","protected":false},"author":1,"featured_media":0,"comment_status":"open","ping_status":"open","sticky":false,"template":"","format":"standard","meta":{"om_disable_all_campaigns":false,"_monsterinsights_skip_tracking":false,"_monsterinsights_sitenote_active":false,"_monsterinsights_sitenote_note":"","_monsterinsights_sitenote_category":0,"_uf_show_specific_survey":0,"_uf_disable_surveys":false,"footnotes":""},"categories":[6,22],"tags":[8,23],"class_list":["post-896","post","type-post","status-publish","format-standard","hentry","category-6","category-informatika-a-pocitacove-inzinierstvo","tag-8","tag-informatika-a-pocitacove-inzinierstvo"],"yoast_head":"<!-- This site is optimized with the Yoast SEO plugin v27.2 - https:\/\/yoast.com\/product\/yoast-seo-wordpress\/ -->\n<title>Inteligentn\u00e9 aut\u00ed\u010dko - Festival vedy a techniky AMAVET<\/title>\n<meta name=\"robots\" content=\"index, follow, max-snippet:-1, max-image-preview:large, max-video-preview:-1\" \/>\n<link rel=\"canonical\" href=\"https:\/\/www.festivalvedy.sk\/wp2\/inteligentne-auticko\/\" \/>\n<meta property=\"og:locale\" content=\"sk_SK\" \/>\n<meta property=\"og:type\" content=\"article\" \/>\n<meta property=\"og:title\" content=\"Inteligentn\u00e9 aut\u00ed\u010dko - Festival vedy a techniky AMAVET\" \/>\n<meta property=\"og:description\" content=\"Autor\/autori: Matej Bohu\u0161 Elektronika, po\u010d\u00edta\u010de ma v\u017edy zauj\u00edmala. V klube amavet686 som mal mo\u017enos\u0165 sa tejto z\u00e1\u013eube venova\u0165. Ne\u0161lo iba o rozpr\u00e1vanie sa o tom, kto sa ako \u010faleko dostal v nejakej hre. Rozhodol som sa postavi\u0165 aut\u00ed\u010dko, ktor\u00e9 by sa dok\u00e1zalo samo pohybova\u0165 po ur\u010denej trase, vyh\u00fdba\u0165 sa prek\u00e1\u017ekam. Prv\u00e9 boli DIY Intelligent Tracking [&hellip;]\" \/>\n<meta property=\"og:url\" content=\"https:\/\/www.festivalvedy.sk\/wp2\/inteligentne-auticko\/\" \/>\n<meta property=\"og:site_name\" content=\"Festival vedy a techniky AMAVET\" \/>\n<meta property=\"article:published_time\" content=\"2019-09-18T10:45:42+00:00\" \/>\n<meta name=\"author\" content=\"Redakcia\" \/>\n<meta name=\"twitter:card\" content=\"summary_large_image\" \/>\n<meta name=\"twitter:label1\" content=\"Autor\" \/>\n\t<meta name=\"twitter:data1\" content=\"Redakcia\" \/>\n\t<meta name=\"twitter:label2\" content=\"Predpokladan\u00fd \u010das \u010d\u00edtania\" \/>\n\t<meta name=\"twitter:data2\" content=\"2 min\u00faty\" \/>\n<script type=\"application\/ld+json\" class=\"yoast-schema-graph\">{\"@context\":\"https:\/\/schema.org\",\"@graph\":[{\"@type\":\"Article\",\"@id\":\"https:\/\/www.festivalvedy.sk\/wp2\/inteligentne-auticko\/#article\",\"isPartOf\":{\"@id\":\"https:\/\/www.festivalvedy.sk\/wp2\/inteligentne-auticko\/\"},\"author\":{\"name\":\"Redakcia\",\"@id\":\"https:\/\/www.festivalvedy.sk\/wp2\/#\/schema\/person\/f6c2e17170a626260fe38db97ed0a1f5\"},\"headline\":\"Inteligentn\u00e9 aut\u00ed\u010dko\",\"datePublished\":\"2019-09-18T10:45:42+00:00\",\"mainEntityOfPage\":{\"@id\":\"https:\/\/www.festivalvedy.sk\/wp2\/inteligentne-auticko\/\"},\"wordCount\":310,\"commentCount\":0,\"publisher\":{\"@id\":\"https:\/\/www.festivalvedy.sk\/wp2\/#organization\"},\"keywords\":[\"2019\",\"Informatika a po\u010d\u00edta\u010dov\u00e9 in\u017einierstvo\"],\"articleSection\":[\"Arch\u00edv 2018\",\"Informatika a po\u010d\u00edta\u010dov\u00e9 in\u017einierstvo\"],\"inLanguage\":\"sk-SK\"},{\"@type\":\"WebPage\",\"@id\":\"https:\/\/www.festivalvedy.sk\/wp2\/inteligentne-auticko\/\",\"url\":\"https:\/\/www.festivalvedy.sk\/wp2\/inteligentne-auticko\/\",\"name\":\"Inteligentn\u00e9 aut\u00ed\u010dko - Festival vedy a techniky AMAVET\",\"isPartOf\":{\"@id\":\"https:\/\/www.festivalvedy.sk\/wp2\/#website\"},\"datePublished\":\"2019-09-18T10:45:42+00:00\",\"breadcrumb\":{\"@id\":\"https:\/\/www.festivalvedy.sk\/wp2\/inteligentne-auticko\/#breadcrumb\"},\"inLanguage\":\"sk-SK\",\"potentialAction\":[{\"@type\":\"ReadAction\",\"target\":[\"https:\/\/www.festivalvedy.sk\/wp2\/inteligentne-auticko\/\"]}]},{\"@type\":\"BreadcrumbList\",\"@id\":\"https:\/\/www.festivalvedy.sk\/wp2\/inteligentne-auticko\/#breadcrumb\",\"itemListElement\":[{\"@type\":\"ListItem\",\"position\":1,\"name\":\"Home\",\"item\":\"https:\/\/www.festivalvedy.sk\/wp2\/\"},{\"@type\":\"ListItem\",\"position\":2,\"name\":\"Inteligentn\u00e9 aut\u00ed\u010dko\"}]},{\"@type\":\"WebSite\",\"@id\":\"https:\/\/www.festivalvedy.sk\/wp2\/#website\",\"url\":\"https:\/\/www.festivalvedy.sk\/wp2\/\",\"name\":\"Festival vedy a techniky AMAVET\",\"description\":\"AMAVET - Asoci\u00e1cia pre ml\u00e1de\u017e, vedu a techniku\",\"publisher\":{\"@id\":\"https:\/\/www.festivalvedy.sk\/wp2\/#organization\"},\"potentialAction\":[{\"@type\":\"SearchAction\",\"target\":{\"@type\":\"EntryPoint\",\"urlTemplate\":\"https:\/\/www.festivalvedy.sk\/wp2\/?s={search_term_string}\"},\"query-input\":{\"@type\":\"PropertyValueSpecification\",\"valueRequired\":true,\"valueName\":\"search_term_string\"}}],\"inLanguage\":\"sk-SK\"},{\"@type\":\"Organization\",\"@id\":\"https:\/\/www.festivalvedy.sk\/wp2\/#organization\",\"name\":\"Festival vedy a techniky AMAVET\",\"url\":\"https:\/\/www.festivalvedy.sk\/wp2\/\",\"logo\":{\"@type\":\"ImageObject\",\"inLanguage\":\"sk-SK\",\"@id\":\"https:\/\/www.festivalvedy.sk\/wp2\/#\/schema\/logo\/image\/\",\"url\":\"https:\/\/www.festivalvedy.sk\/wp2\/wp-content\/uploads\/2022\/02\/cropped-fvat-ochranna-zona.png\",\"contentUrl\":\"https:\/\/www.festivalvedy.sk\/wp2\/wp-content\/uploads\/2022\/02\/cropped-fvat-ochranna-zona.png\",\"width\":1190,\"height\":357,\"caption\":\"Festival vedy a techniky AMAVET\"},\"image\":{\"@id\":\"https:\/\/www.festivalvedy.sk\/wp2\/#\/schema\/logo\/image\/\"}},{\"@type\":\"Person\",\"@id\":\"https:\/\/www.festivalvedy.sk\/wp2\/#\/schema\/person\/f6c2e17170a626260fe38db97ed0a1f5\",\"name\":\"Redakcia\",\"image\":{\"@type\":\"ImageObject\",\"inLanguage\":\"sk-SK\",\"@id\":\"https:\/\/secure.gravatar.com\/avatar\/2f7c312d560e25e8eb59b6b53cadd5dc16b39f25bac1c7d0a221dafd9c91fae9?s=96&d=mm&r=g\",\"url\":\"https:\/\/secure.gravatar.com\/avatar\/2f7c312d560e25e8eb59b6b53cadd5dc16b39f25bac1c7d0a221dafd9c91fae9?s=96&d=mm&r=g\",\"contentUrl\":\"https:\/\/secure.gravatar.com\/avatar\/2f7c312d560e25e8eb59b6b53cadd5dc16b39f25bac1c7d0a221dafd9c91fae9?s=96&d=mm&r=g\",\"caption\":\"Redakcia\"},\"url\":\"https:\/\/www.festivalvedy.sk\/wp2\/author\/fvatadmin\/\"}]}<\/script>\n<!-- \/ Yoast SEO plugin. -->","yoast_head_json":{"title":"Inteligentn\u00e9 aut\u00ed\u010dko - Festival vedy a techniky AMAVET","robots":{"index":"index","follow":"follow","max-snippet":"max-snippet:-1","max-image-preview":"max-image-preview:large","max-video-preview":"max-video-preview:-1"},"canonical":"https:\/\/www.festivalvedy.sk\/wp2\/inteligentne-auticko\/","og_locale":"sk_SK","og_type":"article","og_title":"Inteligentn\u00e9 aut\u00ed\u010dko - Festival vedy a techniky AMAVET","og_description":"Autor\/autori: Matej Bohu\u0161 Elektronika, po\u010d\u00edta\u010de ma v\u017edy zauj\u00edmala. V klube amavet686 som mal mo\u017enos\u0165 sa tejto z\u00e1\u013eube venova\u0165. Ne\u0161lo iba o rozpr\u00e1vanie sa o tom, kto sa ako \u010faleko dostal v nejakej hre. Rozhodol som sa postavi\u0165 aut\u00ed\u010dko, ktor\u00e9 by sa dok\u00e1zalo samo pohybova\u0165 po ur\u010denej trase, vyh\u00fdba\u0165 sa prek\u00e1\u017ekam. Prv\u00e9 boli DIY Intelligent Tracking [&hellip;]","og_url":"https:\/\/www.festivalvedy.sk\/wp2\/inteligentne-auticko\/","og_site_name":"Festival vedy a techniky AMAVET","article_published_time":"2019-09-18T10:45:42+00:00","author":"Redakcia","twitter_card":"summary_large_image","twitter_misc":{"Autor":"Redakcia","Predpokladan\u00fd \u010das \u010d\u00edtania":"2 min\u00faty"},"schema":{"@context":"https:\/\/schema.org","@graph":[{"@type":"Article","@id":"https:\/\/www.festivalvedy.sk\/wp2\/inteligentne-auticko\/#article","isPartOf":{"@id":"https:\/\/www.festivalvedy.sk\/wp2\/inteligentne-auticko\/"},"author":{"name":"Redakcia","@id":"https:\/\/www.festivalvedy.sk\/wp2\/#\/schema\/person\/f6c2e17170a626260fe38db97ed0a1f5"},"headline":"Inteligentn\u00e9 aut\u00ed\u010dko","datePublished":"2019-09-18T10:45:42+00:00","mainEntityOfPage":{"@id":"https:\/\/www.festivalvedy.sk\/wp2\/inteligentne-auticko\/"},"wordCount":310,"commentCount":0,"publisher":{"@id":"https:\/\/www.festivalvedy.sk\/wp2\/#organization"},"keywords":["2019","Informatika a po\u010d\u00edta\u010dov\u00e9 in\u017einierstvo"],"articleSection":["Arch\u00edv 2018","Informatika a po\u010d\u00edta\u010dov\u00e9 in\u017einierstvo"],"inLanguage":"sk-SK"},{"@type":"WebPage","@id":"https:\/\/www.festivalvedy.sk\/wp2\/inteligentne-auticko\/","url":"https:\/\/www.festivalvedy.sk\/wp2\/inteligentne-auticko\/","name":"Inteligentn\u00e9 aut\u00ed\u010dko - Festival vedy a techniky AMAVET","isPartOf":{"@id":"https:\/\/www.festivalvedy.sk\/wp2\/#website"},"datePublished":"2019-09-18T10:45:42+00:00","breadcrumb":{"@id":"https:\/\/www.festivalvedy.sk\/wp2\/inteligentne-auticko\/#breadcrumb"},"inLanguage":"sk-SK","potentialAction":[{"@type":"ReadAction","target":["https:\/\/www.festivalvedy.sk\/wp2\/inteligentne-auticko\/"]}]},{"@type":"BreadcrumbList","@id":"https:\/\/www.festivalvedy.sk\/wp2\/inteligentne-auticko\/#breadcrumb","itemListElement":[{"@type":"ListItem","position":1,"name":"Home","item":"https:\/\/www.festivalvedy.sk\/wp2\/"},{"@type":"ListItem","position":2,"name":"Inteligentn\u00e9 aut\u00ed\u010dko"}]},{"@type":"WebSite","@id":"https:\/\/www.festivalvedy.sk\/wp2\/#website","url":"https:\/\/www.festivalvedy.sk\/wp2\/","name":"Festival vedy a techniky AMAVET","description":"AMAVET - Asoci\u00e1cia pre ml\u00e1de\u017e, vedu a techniku","publisher":{"@id":"https:\/\/www.festivalvedy.sk\/wp2\/#organization"},"potentialAction":[{"@type":"SearchAction","target":{"@type":"EntryPoint","urlTemplate":"https:\/\/www.festivalvedy.sk\/wp2\/?s={search_term_string}"},"query-input":{"@type":"PropertyValueSpecification","valueRequired":true,"valueName":"search_term_string"}}],"inLanguage":"sk-SK"},{"@type":"Organization","@id":"https:\/\/www.festivalvedy.sk\/wp2\/#organization","name":"Festival vedy a techniky AMAVET","url":"https:\/\/www.festivalvedy.sk\/wp2\/","logo":{"@type":"ImageObject","inLanguage":"sk-SK","@id":"https:\/\/www.festivalvedy.sk\/wp2\/#\/schema\/logo\/image\/","url":"https:\/\/www.festivalvedy.sk\/wp2\/wp-content\/uploads\/2022\/02\/cropped-fvat-ochranna-zona.png","contentUrl":"https:\/\/www.festivalvedy.sk\/wp2\/wp-content\/uploads\/2022\/02\/cropped-fvat-ochranna-zona.png","width":1190,"height":357,"caption":"Festival vedy a techniky AMAVET"},"image":{"@id":"https:\/\/www.festivalvedy.sk\/wp2\/#\/schema\/logo\/image\/"}},{"@type":"Person","@id":"https:\/\/www.festivalvedy.sk\/wp2\/#\/schema\/person\/f6c2e17170a626260fe38db97ed0a1f5","name":"Redakcia","image":{"@type":"ImageObject","inLanguage":"sk-SK","@id":"https:\/\/secure.gravatar.com\/avatar\/2f7c312d560e25e8eb59b6b53cadd5dc16b39f25bac1c7d0a221dafd9c91fae9?s=96&d=mm&r=g","url":"https:\/\/secure.gravatar.com\/avatar\/2f7c312d560e25e8eb59b6b53cadd5dc16b39f25bac1c7d0a221dafd9c91fae9?s=96&d=mm&r=g","contentUrl":"https:\/\/secure.gravatar.com\/avatar\/2f7c312d560e25e8eb59b6b53cadd5dc16b39f25bac1c7d0a221dafd9c91fae9?s=96&d=mm&r=g","caption":"Redakcia"},"url":"https:\/\/www.festivalvedy.sk\/wp2\/author\/fvatadmin\/"}]}},"_links":{"self":[{"href":"https:\/\/www.festivalvedy.sk\/wp2\/wp-json\/wp\/v2\/posts\/896","targetHints":{"allow":["GET"]}}],"collection":[{"href":"https:\/\/www.festivalvedy.sk\/wp2\/wp-json\/wp\/v2\/posts"}],"about":[{"href":"https:\/\/www.festivalvedy.sk\/wp2\/wp-json\/wp\/v2\/types\/post"}],"author":[{"embeddable":true,"href":"https:\/\/www.festivalvedy.sk\/wp2\/wp-json\/wp\/v2\/users\/1"}],"replies":[{"embeddable":true,"href":"https:\/\/www.festivalvedy.sk\/wp2\/wp-json\/wp\/v2\/comments?post=896"}],"version-history":[{"count":0,"href":"https:\/\/www.festivalvedy.sk\/wp2\/wp-json\/wp\/v2\/posts\/896\/revisions"}],"wp:attachment":[{"href":"https:\/\/www.festivalvedy.sk\/wp2\/wp-json\/wp\/v2\/media?parent=896"}],"wp:term":[{"taxonomy":"category","embeddable":true,"href":"https:\/\/www.festivalvedy.sk\/wp2\/wp-json\/wp\/v2\/categories?post=896"},{"taxonomy":"post_tag","embeddable":true,"href":"https:\/\/www.festivalvedy.sk\/wp2\/wp-json\/wp\/v2\/tags?post=896"}],"curies":[{"name":"wp","href":"https:\/\/api.w.org\/{rel}","templated":true}]}}